{"id":9450,"date":"2020-08-18T11:51:37","date_gmt":"2020-08-18T14:51:37","guid":{"rendered":"https:\/\/hostnetart.com.br\/baixada\/cebb-cobra-respeito-a-vida-dos-funcionarios-do-bb\/"},"modified":"2020-08-18T11:51:37","modified_gmt":"2020-08-18T14:51:37","slug":"cebb-cobra-respeito-a-vida-dos-funcionarios-do-bb","status":"publish","type":"post","link":"https:\/\/hostnetart.com.br\/baixada\/cebb-cobra-respeito-a-vida-dos-funcionarios-do-bb\/","title":{"rendered":"CEBB cobra respeito \u00e0 vida dos funcion\u00e1rios do BB"},"content":{"rendered":"<p>A Comiss\u00e3o de Empresa dos Funcion\u00e1rios do Banco do Brasil (CEBB) cobrou do banco, em reuni\u00e3o realizada na tarde desta segunda-feira (17), o respeito e a melhoria dos protocolos de preven\u00e7\u00e3o ao cont\u00e1gio e propaga\u00e7\u00e3o da pandemia causada pelo novo coronav\u00edrus, firmados com a representa\u00e7\u00e3o sindical desde que a doen\u00e7a chegou ao pa\u00eds. Ap\u00f3s a reuni\u00e3o espec\u00edfica sobre quest\u00f5es relacionadas \u00e0 Covid-19, teve in\u00edcio \u00e0 reuni\u00e3o de negocia\u00e7\u00f5es da Campanha Nacional dos Banc\u00e1rios 2020 referente \u00e0s cl\u00e1usulas sociais e de igualdade de oportunidades para renova\u00e7\u00e3o do Acordo Coletivo de Trabalho (ACT) dos Funcion\u00e1rios do BB.<\/p>\n<p>\u201cS\u00e3o quest\u00f5es que envolvem desde a falta de insumos sanit\u00e1rios e equipamentos de seguran\u00e7a, at\u00e9 quest\u00f5es de gest\u00e3o administrativa, que passam pela press\u00e3o pelo retorno ao trabalho de funcion\u00e1rios que coabitam com pessoas do grupo de risco e chegam \u00e0 jornada de trabalho. O banco precisa ter a responsabilidade pela disponibilidade dos materiais de higiene e EPIs e pela orienta\u00e7\u00e3o adequada aos gestores\u201d, observou a secret\u00e1ria de Juventude e representante da Confedera\u00e7\u00e3o Nacional dos Trabalhadores do Ramo Financeiro (Contraf-CUT) nas negocia\u00e7\u00f5es com o banco, Fernanda Lopes.<\/p>\n<p>\u201cN\u00e3o \u00e9 poss\u00edvel que a institui\u00e7\u00e3o n\u00e3o deixe claro que a prioridade neste momento \u00e9 a sa\u00fade e a vida dos funcion\u00e1rios, fica parecendo que a responsabilidade de gest\u00e3o dos funcion\u00e1rios, em um momento de pandemia, \u00e9 completamente jogada nas costas dos gerentes. E a\u00ed descamba para o ass\u00e9dio moral e cobran\u00e7as excessivas pelo cumprimento de metas, muitas vezes pela venda de produtos que n\u00e3o fazem parte do rol daquilo que s\u00e3o os servi\u00e7os essenciais\u201d, completou.<\/p>\n<p>A representa\u00e7\u00e3o dos funcion\u00e1rios pede que o banco seja mais claro e mais incisivo em seus comunicados.<\/p>\n<h3>Ru\u00eddos de comunica\u00e7\u00e3o<\/h3>\n<p>Assim como j\u00e1 havia acontecido quando da revoga\u00e7\u00e3o do uso do c\u00f3digo 478 (em casa \u00e0 disposi\u00e7\u00e3o do banco) para abonar as horas e dias afastados, o comunicado para dizer que os funcion\u00e1rios que coabitam com pessoas de grupos de risco causou outra confus\u00e3o de entendimento. Gestores entenderam o comunicado como sendo uma ordem de retorno ao trabalho dos coabitantes.<\/p>\n<p>O banco n\u00e3o entende que os protocolos s\u00e3o insuficientes, mas admite que gestores podem estar entendendo os comunicados de maneira equivocada. O banco explicou que o home office continua sendo uma ferramenta a ser utilizada na pandemia e n\u00e3o existe determina\u00e7\u00e3o para retorno em massa das pessoas que est\u00e3o dispensados do comparecimento ao trabalho por coabitarem com pessoas de grupos de risco.<\/p>\n<p>\u201cComo o banco entende que os protocolos s\u00e3o suficientes e adequados e o que pode haver s\u00e3o apenas interpreta\u00e7\u00f5es equivocadas, cobramos que o banco reforce as orienta\u00e7\u00f5es e seja mais claro em suas orienta\u00e7\u00f5es para que se evite os erros de interpreta\u00e7\u00e3o\u201d, afirmou Fernanda.<\/p>\n<p>O banco disse que vai analisar como ficar\u00e1 a situa\u00e7\u00e3o das m\u00e3es com filhos em idade escolar e tamb\u00e9m vai convocar uma reuni\u00e3o com as ger\u00eancias regionais de pessoas (Gepes) e outros departamentos para refor\u00e7ar as orienta\u00e7\u00f5es dos protocolos de preven\u00e7\u00e3o \u00e0 Covid-19 e de gest\u00e3o administrativa.<\/p>\n<h3>Fim da MP 927 e custo dos exames<\/h3>\n<p>A representante da Federa\u00e7\u00e3o dos Trabalhadores do Ramo Financeiro de Minas Gerais (Fetrafi\/MG), Luciana Bagno, questionou sobre o custo de exames peri\u00f3dicos de sa\u00fade (EPS) em virtude da perda de validade da Medida Provis\u00f3ria 927\/2020, que suspendia a exig\u00eancia dos exames ocupacionais.<\/p>\n<p>\u201cCom o fim da MP 927, os exames ocupacionais voltaram a ser exigidos. S\u00f3 que os exames complementares ter\u00e3o car\u00e1ter volunt\u00e1rio, n\u00e3o sendo obrigat\u00f3ria a apresenta\u00e7\u00e3o dos resultados para a emiss\u00e3o do Atestado de Sa\u00fade Ocupacional. Ocorre que, quando se tratam de exames peri\u00f3dicos de sa\u00fade, o custo n\u00e3o \u00e9 da Cassi, e sim do banco, que tem que disponibilizar para o funcion\u00e1rio a guia para a realiza\u00e7\u00e3o desses exames, o que ainda n\u00e3o est\u00e1 dispon\u00edvel\u201d, explicou a dirigente sindical da Fetrafi\/MG.<\/p>\n<p>O BB disse que os exames complementares poder\u00e3o ser feitos atrav\u00e9s do EPS e que o formul\u00e1rio estar\u00e1 dispon\u00edvel assim que for definida a data para in\u00edcio dos exames peri\u00f3dicos.<\/p>\n<p>\u201c\u00c9 bom destacar que, quando se tratam de exames peri\u00f3dicos de sa\u00fade, o custo n\u00e3o \u00e9 da Cassi, e sim do banco, portanto, sem o custo da co-participa\u00e7\u00e3o para o funcion\u00e1rio\u201d, concluiu Luciana.<\/p>\n<p><strong>Fonte: Contraf-CUT<\/strong><\/p>\n","protected":false},"excerpt":{"rendered":"<p>A Comiss\u00e3o de Empresa dos Funcion\u00e1rios do Banco do Brasil (CEBB) cobrou do banco, em reuni\u00e3o realizada na tarde desta segunda-feira (17), o respeito e a melhoria dos protocolos de preven\u00e7\u00e3o ao cont\u00e1gio e propaga\u00e7\u00e3o da pandemia causada pelo novo coronav\u00edrus, firmados com a representa\u00e7\u00e3o sindical desde que a doen\u00e7a chegou ao pa\u00eds. Ap\u00f3s a [&hellip;]<\/p>\n","protected":false},"author":2,"featured_media":9449,"comment_status":"","ping_status":"","sticky":false,"template":"","format":"standard","meta":{"footnotes":""},"categories":[3],"tags":[],"class_list":["post-9450","post","type-post","status-publish","format-standard","has-post-thumbnail","hentry","category-noticias"],"_links":{"self":[{"href":"https:\/\/hostnetart.com.br\/baixada\/wp-json\/wp\/v2\/posts\/9450","targetHints":{"allow":["GET"]}}],"collection":[{"href":"https:\/\/hostnetart.com.br\/baixada\/wp-json\/wp\/v2\/posts"}],"about":[{"href":"https:\/\/hostnetart.com.br\/baixada\/wp-json\/wp\/v2\/types\/post"}],"author":[{"embeddable":true,"href":"https:\/\/hostnetart.com.br\/baixada\/wp-json\/wp\/v2\/users\/2"}],"replies":[{"embeddable":true,"href":"https:\/\/hostnetart.com.br\/baixada\/wp-json\/wp\/v2\/comments?post=9450"}],"version-history":[{"count":0,"href":"https:\/\/hostnetart.com.br\/baixada\/wp-json\/wp\/v2\/posts\/9450\/revisions"}],"wp:featuredmedia":[{"embeddable":true,"href":"https:\/\/hostnetart.com.br\/baixada\/wp-json\/wp\/v2\/media\/9449"}],"wp:attachment":[{"href":"https:\/\/hostnetart.com.br\/baixada\/wp-json\/wp\/v2\/media?parent=9450"}],"wp:term":[{"taxonomy":"category","embeddable":true,"href":"https:\/\/hostnetart.com.br\/baixada\/wp-json\/wp\/v2\/categories?post=9450"},{"taxonomy":"post_tag","embeddable":true,"href":"https:\/\/hostnetart.com.br\/baixada\/wp-json\/wp\/v2\/tags?post=9450"}],"curies":[{"name":"wp","href":"https:\/\/api.w.org\/{rel}","templated":true}]}}