{"id":945,"date":"2014-04-02T00:00:00","date_gmt":"2014-04-02T03:00:00","guid":{"rendered":"https:\/\/hostnetart.com.br\/baixada\/justica-manda-bradesco-reintegrar-demitido-apos-27-anos-de-banco-no-ms\/"},"modified":"2014-04-02T00:00:00","modified_gmt":"2014-04-02T03:00:00","slug":"justica-manda-bradesco-reintegrar-demitido-apos-27-anos-de-banco-no-ms","status":"publish","type":"post","link":"https:\/\/hostnetart.com.br\/baixada\/justica-manda-bradesco-reintegrar-demitido-apos-27-anos-de-banco-no-ms\/","title":{"rendered":"Justi\u00e7a manda Bradesco reintegrar demitido ap\u00f3s 27 anos de banco no MS"},"content":{"rendered":"<p>O Bradesco perdeu mais uma na justi\u00e7a. Demitido depois de 27 anos de banco, um funcion\u00e1rio foi reintegrado em Aquidauana (MS), no \u00faltimo dia 21, por determina\u00e7\u00e3o da ju\u00edza Keethlen Fontes Maranh\u00e3o, da 5\u00aa Vara do Trabalho de Campo Grande (MS).<\/p>\n<p>O trabalhador exercia a fun\u00e7\u00e3o de gerente de PAA (Posto Avan\u00e7ado de Atendimento), em Aquidauana, quando foi demitido, em 8 de mar\u00e7o de 2012, sem justa causa.<\/p>\n<p>A ju\u00edza sentenciou o processo como dispensa abusiva, obstativa de garantia provis\u00f3ria de emprego prevista em Conven\u00e7\u00e3o Coletiva de Trabalho 2011\/2012.<\/p>\n<p>Em nenhum momento da contesta\u00e7\u00e3o foi suscitado pelo banco que a dispensa teria acontecido em decorr\u00eancia de motivo disciplinar, t\u00e9cnico, econ\u00f4mico ou financeiro. O Bradesco, agindo friamente, resolveu demitir o banc\u00e1rio faltando pouco tempo para a aposentadoria integral\/proporcional e para o computo dos 28 anos ininterruptos de labor.<\/p>\n<p>De acordo com a conven\u00e7\u00e3o coletiva, o banc\u00e1rio adquire estabilidade pr\u00e9-aposentadoria, \u201cpor 24 (vinte e quatro) meses imediatamente anteriores \u00e0 complementa\u00e7\u00e3o do tempo para aposentadoria proporcional ou integral pela previd\u00eancia social, respeitados os crit\u00e9rios estabelecidos pela Legisla\u00e7\u00e3o vigente, os que tiverem o m\u00ednimo de 28 (vinte e oito) anos de vincula\u00e7\u00e3o empregat\u00edcia ininterrupta com o mesmo banco\u201d.<\/p>\n<p>Fonte: Seeb \/ Campo Grande<\/p>\n","protected":false},"excerpt":{"rendered":"<p>O Bradesco perdeu mais uma na justi\u00e7a. Demitido depois de 27 anos de banco, um funcion\u00e1rio foi reintegrado em Aquidauana (MS), no \u00faltimo dia 21, por determina\u00e7\u00e3o da ju\u00edza Keethlen Fontes Maranh\u00e3o, da 5\u00aa Vara do Trabalho de Campo Grande (MS). O trabalhador exercia a fun\u00e7\u00e3o de gerente de PAA (Posto Avan\u00e7ado de Atendimento), em [&hellip;]<\/p>\n","protected":false},"author":1,"featured_media":0,"comment_status":"","ping_status":"","sticky":false,"template":"","format":"standard","meta":{"footnotes":""},"categories":[3],"tags":[],"class_list":["post-945","post","type-post","status-publish","format-standard","hentry","category-noticias"],"_links":{"self":[{"href":"https:\/\/hostnetart.com.br\/baixada\/wp-json\/wp\/v2\/posts\/945","targetHints":{"allow":["GET"]}}],"collection":[{"href":"https:\/\/hostnetart.com.br\/baixada\/wp-json\/wp\/v2\/posts"}],"about":[{"href":"https:\/\/hostnetart.com.br\/baixada\/wp-json\/wp\/v2\/types\/post"}],"author":[{"embeddable":true,"href":"https:\/\/hostnetart.com.br\/baixada\/wp-json\/wp\/v2\/users\/1"}],"replies":[{"embeddable":true,"href":"https:\/\/hostnetart.com.br\/baixada\/wp-json\/wp\/v2\/comments?post=945"}],"version-history":[{"count":0,"href":"https:\/\/hostnetart.com.br\/baixada\/wp-json\/wp\/v2\/posts\/945\/revisions"}],"wp:attachment":[{"href":"https:\/\/hostnetart.com.br\/baixada\/wp-json\/wp\/v2\/media?parent=945"}],"wp:term":[{"taxonomy":"category","embeddable":true,"href":"https:\/\/hostnetart.com.br\/baixada\/wp-json\/wp\/v2\/categories?post=945"},{"taxonomy":"post_tag","embeddable":true,"href":"https:\/\/hostnetart.com.br\/baixada\/wp-json\/wp\/v2\/tags?post=945"}],"curies":[{"name":"wp","href":"https:\/\/api.w.org\/{rel}","templated":true}]}}