{"id":9448,"date":"2020-08-18T11:50:54","date_gmt":"2020-08-18T14:50:54","guid":{"rendered":"https:\/\/hostnetart.com.br\/baixada\/bancari-s-cobram-respostas-da-fenaban\/"},"modified":"2020-08-18T11:50:54","modified_gmt":"2020-08-18T14:50:54","slug":"bancari-s-cobram-respostas-da-fenaban","status":"publish","type":"post","link":"https:\/\/hostnetart.com.br\/baixada\/bancari-s-cobram-respostas-da-fenaban\/","title":{"rendered":"Banc\u00e1ri@s cobram respostas da Fenaban"},"content":{"rendered":"<p>Ser\u00e1 nesta ter\u00e7a-feira (18) a nova rodada de negocia\u00e7\u00f5es entre o Comando Nacional\u00a0d@s\u00a0Banc\u00e1ri@s\u00a0e representantes da Fenaban. At\u00e9 agora, os bancos n\u00e3o responderam \u00e0s reivindica\u00e7\u00f5es da categoria, entregues no final de julho. Entre as reivindica\u00e7\u00f5es apresentadas est\u00e1 a de aumento real nos sal\u00e1rios e na PLR, manuten\u00e7\u00e3o dos direitos e da mesa \u00fanica de negocia\u00e7\u00e3o. Est\u00e1 marcado tuita\u00e7o para as 10h desta ter\u00e7a, uma hora antes do in\u00edcio da reuni\u00e3o. Vamos tuitar juntos #NaLutaPorAumentoReal .<\/p>\n<p>Foram seis rodadas de negocia\u00e7\u00f5es, nas quais o Comando defendeu as reivindica\u00e7\u00f5es. Al\u00e9m de n\u00e3o responderem \u00e0 pauta da categoria, os representantes da Fenaban sinalizaram com propostas que comprometem direitos j\u00e1 conquistados. Aventaram com a volta do ranqueamento individual das metas e se mostraram resistentes \u00e0 discuss\u00e3o da PLR. Os bancos est\u00e3o dispostos aumentarem a rentabilidade amea\u00e7ando o emprego banc\u00e1rio.<\/p>\n<p>\u201cTemos que cobrar o aumento real e a PLR pois os bancos economizaram R$ 267 milh\u00f5es com algumas contas como \u00e1gua, luz, vigilantes etc, com o teletrabalho. S\u00f3 a despesa com pessoal nos quatro maiores bancos caiu R$ 1 bilh\u00e3o. Com a pandemia, os bancos foram os primeiros a serem protegidos pelo governo\u201d, afirmou a presidenta da Confedera\u00e7\u00e3o Nacional dos Trabalhadores do Ramo Financeiro (Contraf-CUT), Juvandia Moreira, uma das coordenadoras do Comando Nacional\u00a0d@s\u00a0Banc\u00e1ri@s.<\/p>\n<p>O atual Contrato Coletivo de Trabalho (CCT) da categoria termina dia 31. Com a reforma trabalhista no governo Temer, perdeu a validade a chamada ultratividade, que garantia que os direitos trabalhistas e conquistas acabassem quando o contrato coletivo terminasse. Direitos hist\u00f3ricos da categoria banc\u00e1ria correm o risco de n\u00e3o serem mais respeitados com o final do CCT.<\/p>\n<p>Diante desse quadro \u00e9 que o Comando Nacional\u00a0d@s\u00a0Banc\u00e1ri@s\u00a0cobra respostas concretas por parte da Fenaban e que as negocia\u00e7\u00f5es caminhem para a defini\u00e7\u00e3o ainda esta semana. A negocia\u00e7\u00e3o desta ter\u00e7a-feira come\u00e7a \u00e0s 11h. Acompanhe os resultados da reuni\u00e3o pelas nossas redes sociais.<\/p>\n<p><strong>Fonte: Contraf-CUT<\/strong><\/p>\n","protected":false},"excerpt":{"rendered":"<p>Ser\u00e1 nesta ter\u00e7a-feira (18) a nova rodada de negocia\u00e7\u00f5es entre o Comando Nacional\u00a0d@s\u00a0Banc\u00e1ri@s\u00a0e representantes da Fenaban. At\u00e9 agora, os bancos n\u00e3o responderam \u00e0s reivindica\u00e7\u00f5es da categoria, entregues no final de julho. Entre as reivindica\u00e7\u00f5es apresentadas est\u00e1 a de aumento real nos sal\u00e1rios e na PLR, manuten\u00e7\u00e3o dos direitos e da mesa \u00fanica de negocia\u00e7\u00e3o. Est\u00e1 [&hellip;]<\/p>\n","protected":false},"author":2,"featured_media":9447,"comment_status":"","ping_status":"","sticky":false,"template":"","format":"standard","meta":{"footnotes":""},"categories":[3],"tags":[],"class_list":["post-9448","post","type-post","status-publish","format-standard","has-post-thumbnail","hentry","category-noticias"],"_links":{"self":[{"href":"https:\/\/hostnetart.com.br\/baixada\/wp-json\/wp\/v2\/posts\/9448","targetHints":{"allow":["GET"]}}],"collection":[{"href":"https:\/\/hostnetart.com.br\/baixada\/wp-json\/wp\/v2\/posts"}],"about":[{"href":"https:\/\/hostnetart.com.br\/baixada\/wp-json\/wp\/v2\/types\/post"}],"author":[{"embeddable":true,"href":"https:\/\/hostnetart.com.br\/baixada\/wp-json\/wp\/v2\/users\/2"}],"replies":[{"embeddable":true,"href":"https:\/\/hostnetart.com.br\/baixada\/wp-json\/wp\/v2\/comments?post=9448"}],"version-history":[{"count":0,"href":"https:\/\/hostnetart.com.br\/baixada\/wp-json\/wp\/v2\/posts\/9448\/revisions"}],"wp:featuredmedia":[{"embeddable":true,"href":"https:\/\/hostnetart.com.br\/baixada\/wp-json\/wp\/v2\/media\/9447"}],"wp:attachment":[{"href":"https:\/\/hostnetart.com.br\/baixada\/wp-json\/wp\/v2\/media?parent=9448"}],"wp:term":[{"taxonomy":"category","embeddable":true,"href":"https:\/\/hostnetart.com.br\/baixada\/wp-json\/wp\/v2\/categories?post=9448"},{"taxonomy":"post_tag","embeddable":true,"href":"https:\/\/hostnetart.com.br\/baixada\/wp-json\/wp\/v2\/tags?post=9448"}],"curies":[{"name":"wp","href":"https:\/\/api.w.org\/{rel}","templated":true}]}}