{"id":9442,"date":"2020-08-17T10:53:10","date_gmt":"2020-08-17T13:53:10","guid":{"rendered":"https:\/\/hostnetart.com.br\/baixada\/depois-de-pedido-em-mesa-de-negociacao-caixa-altera-horario-de-atendimento-nas-agencias\/"},"modified":"2020-08-17T10:53:10","modified_gmt":"2020-08-17T13:53:10","slug":"depois-de-pedido-em-mesa-de-negociacao-caixa-altera-horario-de-atendimento-nas-agencias","status":"publish","type":"post","link":"https:\/\/hostnetart.com.br\/baixada\/depois-de-pedido-em-mesa-de-negociacao-caixa-altera-horario-de-atendimento-nas-agencias\/","title":{"rendered":"Depois de pedido em mesa de negocia\u00e7\u00e3o, Caixa altera hor\u00e1rio de atendimento nas ag\u00eancias"},"content":{"rendered":"<p>Depois de pedido feito pela Comiss\u00e3o Executiva dos Empregados da Caixa (CEE\/Caixa), na\u00a0<a href=\"https:\/\/contrafcut.com.br\/noticias\/cee-caixa-cobra-melhores-condicoes-de-trabalho-para-a-saude-dos-empregados\/\" target=\"_blank\" rel=\"noopener noreferrer\">segunda reuni\u00e3o de negocia\u00e7\u00f5es do Acordo Coletivo de Trabalho (ACT)<\/a>, realizada na quarta-feira (12), por videoconfer\u00eancia, a Caixa anunciou nesta sexta-feira (14) um novo hor\u00e1rio de funcionamento nas ag\u00eancias de 8h \u00e0s 13h, a partir da pr\u00f3xima ter\u00e7a-feira (18).<\/p>\n<p>\u201cN\u00f3s pedimos o retorno das ag\u00eancias ao hor\u00e1rio de atendimento normal. Da forma que est\u00e1, os empregados t\u00eam extrapolado e muito a jornada ficando estafados. O Banco respondeu que n\u00e3o ser\u00e1 poss\u00edvel voltar o hor\u00e1rio das ag\u00eancias ao normal, porque a popula\u00e7\u00e3o vai cedo para a porta das ag\u00eancias o que pode geral algum tumulto. Mas, aceitou diminuir o tempo de atendimento\u201d, explicou a coordenadora da CEE\/ Caixa e secret\u00e1ria da Cultura da Confedera\u00e7\u00e3o Nacional dos Trabalhadores do Ramo Financeiro (Contraf-CUT), Fabiana Uehara Proscholdt.<\/p>\n<p>A pedido da CEE\/Caixa, o banco criou um link na intranet para que os empregados possam anonimamente fazer den\u00fancias de onde n\u00e3o est\u00e3o seguindo os protocolos de sa\u00fade e seguran\u00e7a em preven\u00e7\u00e3o \u00e0 Covid-19.<\/p>\n<p><strong>Fonte: Contraf-CUT<\/strong><\/p>\n","protected":false},"excerpt":{"rendered":"<p>Depois de pedido feito pela Comiss\u00e3o Executiva dos Empregados da Caixa (CEE\/Caixa), na\u00a0segunda reuni\u00e3o de negocia\u00e7\u00f5es do Acordo Coletivo de Trabalho (ACT), realizada na quarta-feira (12), por videoconfer\u00eancia, a Caixa anunciou nesta sexta-feira (14) um novo hor\u00e1rio de funcionamento nas ag\u00eancias de 8h \u00e0s 13h, a partir da pr\u00f3xima ter\u00e7a-feira (18). \u201cN\u00f3s pedimos o retorno [&hellip;]<\/p>\n","protected":false},"author":2,"featured_media":9441,"comment_status":"","ping_status":"","sticky":false,"template":"","format":"standard","meta":{"footnotes":""},"categories":[3],"tags":[],"class_list":["post-9442","post","type-post","status-publish","format-standard","has-post-thumbnail","hentry","category-noticias"],"_links":{"self":[{"href":"https:\/\/hostnetart.com.br\/baixada\/wp-json\/wp\/v2\/posts\/9442","targetHints":{"allow":["GET"]}}],"collection":[{"href":"https:\/\/hostnetart.com.br\/baixada\/wp-json\/wp\/v2\/posts"}],"about":[{"href":"https:\/\/hostnetart.com.br\/baixada\/wp-json\/wp\/v2\/types\/post"}],"author":[{"embeddable":true,"href":"https:\/\/hostnetart.com.br\/baixada\/wp-json\/wp\/v2\/users\/2"}],"replies":[{"embeddable":true,"href":"https:\/\/hostnetart.com.br\/baixada\/wp-json\/wp\/v2\/comments?post=9442"}],"version-history":[{"count":0,"href":"https:\/\/hostnetart.com.br\/baixada\/wp-json\/wp\/v2\/posts\/9442\/revisions"}],"wp:featuredmedia":[{"embeddable":true,"href":"https:\/\/hostnetart.com.br\/baixada\/wp-json\/wp\/v2\/media\/9441"}],"wp:attachment":[{"href":"https:\/\/hostnetart.com.br\/baixada\/wp-json\/wp\/v2\/media?parent=9442"}],"wp:term":[{"taxonomy":"category","embeddable":true,"href":"https:\/\/hostnetart.com.br\/baixada\/wp-json\/wp\/v2\/categories?post=9442"},{"taxonomy":"post_tag","embeddable":true,"href":"https:\/\/hostnetart.com.br\/baixada\/wp-json\/wp\/v2\/tags?post=9442"}],"curies":[{"name":"wp","href":"https:\/\/api.w.org\/{rel}","templated":true}]}}