{"id":9440,"date":"2020-08-17T10:52:09","date_gmt":"2020-08-17T13:52:09","guid":{"rendered":"https:\/\/hostnetart.com.br\/baixada\/banco-do-brasil-quer-retirar-direitos-dos-funcionarios\/"},"modified":"2020-08-17T10:52:09","modified_gmt":"2020-08-17T13:52:09","slug":"banco-do-brasil-quer-retirar-direitos-dos-funcionarios","status":"publish","type":"post","link":"https:\/\/hostnetart.com.br\/baixada\/banco-do-brasil-quer-retirar-direitos-dos-funcionarios\/","title":{"rendered":"Banco do Brasil quer retirar direitos dos funcion\u00e1rios"},"content":{"rendered":"<p>Na reuni\u00e3o entre a Comiss\u00e3o de Empresa dos Funcion\u00e1rios do Banco do Brasil (CEBB) e o banco, ocorrida na manh\u00e3 desta sexta-feira (14), por videoconfer\u00eancia, o debate sobre a cobran\u00e7a de metas abusivas e a Gest\u00e3o de Desempenho Profissional (GDP) foram os temas que geraram o maior debate na mesa de negocia\u00e7\u00f5es dos temas relacionados \u00e0 sa\u00fade e condi\u00e7\u00f5es de trabalho. As negocia\u00e7\u00f5es com o Banco do Brasil fazem parte da\u00a0<a href=\"https:\/\/contrafcut.com.br\/editorias\/campanha-nacional\/\" target=\"_blank\" rel=\"noopener noreferrer\">Campanha Nacional dos Banc\u00e1rios 2020<\/a>\u00a0e da renova\u00e7\u00e3o do Acordo Coletivo de Trabalho (ACT) dos funcion\u00e1rios.<\/p>\n<p>\u201cN\u00f3s j\u00e1 t\u00ednhamos discord\u00e2ncia com o modelo de GDP do banco, que vem sendo desfigurado ano a ano. Mas, querer alterar a cl\u00e1usula 49 do nosso acordo coletivo para facilitar o decomissionamento \u00e9 inaceit\u00e1vel. \u00c9 querer ampliar ainda mais a press\u00e3o sobre os funcion\u00e1rios pelo cumprimento de metas e dar respaldo \u00e0 redu\u00e7\u00e3o de remunera\u00e7\u00e3o que vem sendo colocada em pauta pelo ministro da Economia e o governo federal\u201d, disse o coordenador da Comiss\u00e3o de Empresa dos Funcion\u00e1rios do Banco do Brasil (CEBB), Jo\u00e3o Fukunaga.<\/p>\n<p>O banco levantou a possibilidade de reduzir o prazo de observ\u00e2ncia de tr\u00eas para apenas um ciclo de avalia\u00e7\u00e3o para retirada da comiss\u00e3o de fun\u00e7\u00e3o.<\/p>\n<h3><strong>Discurso X pr\u00e1tica<\/strong><\/h3>\n<p>\u201cN\u00e3o adianta o banco fazer um discurso bonito de que n\u00e3o tolera qualquer tipo de ass\u00e9dio e que disp\u00f5e de mecanismos de den\u00fancia desta pr\u00e1tica e, em seguida, apresentar uma proposta que d\u00e1 respaldo e ferramentas para que o assediador cometa o il\u00edcito\u201d, criticou o coordenador da CEBB.<\/p>\n<p>O banco alegou tratar-se de uma medida de gest\u00e3o que visa dar isonomia de tratamento com os gerentes gerais, que podem perder a comiss\u00e3o ap\u00f3s um ciclo de avalia\u00e7\u00e3o de desempenho.<\/p>\n<p>\u201cConcordamos com a isonomia. Mas, queremos que ela seja no sentido de ampliar o per\u00edodo de avalia\u00e7\u00e3o dos GGs para tr\u00eas ciclos. Todos podem enfrentar um per\u00edodo ruim. Mas, isso n\u00e3o significa que eles sejam maus funcion\u00e1rios. N\u00e3o \u00e9 justo algu\u00e9m ser penalizado por um mau resultado\u201d, ponderou Fukunaga. \u201cMesmo neste per\u00edodo de isolamento social, os funcion\u00e1rios est\u00e3o atentos. Se o banco insistir neste ponto, vamos mostrar que a dist\u00e2ncia n\u00e3o limita nossa capacidade de mobilizar a categoria e a sociedade contra mais este ataque aos trabalhadores\u201d, completou.<\/p>\n<p>Uma primeira atividade contra a possibilidade de o Banco do Brasil retirar direitos ser\u00e1 realizada na segunda-feira (17), \u00e0s 14h. Os funcion\u00e1rios ser\u00e3o convidados a trabalharem (em casa ou\u00a0<em>in loco<\/em>) e a postarem fotos vestidos de preto com a hashtag #Sem3GDPSemAcordo. \u201cA melhor rede social para fazer press\u00e3o sobre o banco \u00e9 o Twitter, mas todas as redes podem ser usadas mostrarmos nossa indigna\u00e7\u00e3o\u201d, disse Fukunaga. A Contraf-CUT publicou v\u00eddeos com dicas de como criar uma conta e redigir uma mensagem no Twitter para aumentar o alcance das mensagens.<\/p>\n<h3><strong>Metas X ass\u00e9dio moral<\/strong><\/h3>\n<p>Ao ser questionado sobre o uso da cobran\u00e7a de metas como forma de ass\u00e9dio aos funcion\u00e1rios, o banco afirmou que \u201crepudia qualquer tipo de ass\u00e9dio e que a pr\u00e1tica n\u00e3o \u00e9 tolerada no banco\u201d. O banco disse ainda que a orienta\u00e7\u00e3o aos funcion\u00e1rios \u00e9 a utiliza\u00e7\u00e3o dos mecanismos dispon\u00edveis para den\u00fancias e que todas elas ser\u00e3o analisadas para que a situa\u00e7\u00e3o seja sanada. Disse tamb\u00e9m que todo gestor precisa ter passado pela trilha de capacita\u00e7\u00e3o, que inclui a forma\u00e7\u00e3o sobre a intoler\u00e2ncia ao ass\u00e9dio e a todas as formas de discrimina\u00e7\u00e3o, que induz boas pr\u00e1ticas de comportamento, que agrega n\u00e3o apenas para o trabalho, mas para a vida. O banco lembrou tamb\u00e9m que, al\u00e9m da ouvidoria, existe um protocolo de preven\u00e7\u00e3o de conflitos firmado com o sindicato.<\/p>\n<p>Com rela\u00e7\u00e3o \u00e0 cobran\u00e7a de metas, a representante da Federa\u00e7\u00e3o dos Trabalhadores do Ramo Financeiro de Minas Gerais (Fetrafi\/MG), Luciana Bagno, disse haver dois movimentos que afetam tanto quem est\u00e1 em home office quanto quem est\u00e1 trabalhando na linha de frente das ag\u00eancias e departamentos do banco. \u201cMuitos gestores n\u00e3o tem habilidade para fazer cobran\u00e7as e acabam exagerando. Quem \u00e9 do grupo de risco e est\u00e1 em home office \u00e9 amea\u00e7ado de ser tirada a possibilidade de trabalhar em casa e ter que compensar as horas n\u00e3o trabalhadas. Quem est\u00e1 na linha de frente, em especial os gerentes de PSO, est\u00e1 sendo cobrado por metas individuais sem ter como cumpri-las\u201d, disse. \u201cN\u00e3o \u00e9 uma cr\u00edtica \u00e0 meta em si, mas \u00e0 forma com que ela vem sendo cobrada\u201d, completou.<\/p>\n<p>\u201cN\u00e3o temos uma proposta de solu\u00e7\u00e3o sobre a quest\u00e3o das metas, mas pontos que devem ser debatidos para que a gente busque, em conjunto, encontrar solu\u00e7\u00f5es\u201d, destacou a secret\u00e1ria de Juventude e representante da Confedera\u00e7\u00e3o Nacional dos Trabalhadores do Ramo Financeiro (Contraf-CUT), Fernanda Lopes, depois que representantes de diversas federa\u00e7\u00f5es sindicais expuseram situa\u00e7\u00f5es vivenciadas no cotidiano de trabalho dos funcion\u00e1rios em todo o pa\u00eds.<\/p>\n<h3><strong>Outras cl\u00e1usulas<\/strong><\/h3>\n<p>A representa\u00e7\u00e3o dos funcion\u00e1rios tamb\u00e9m destacou a import\u00e2ncia do Programa de Controle M\u00e9dico de Sa\u00fade Ocupacional (PCMSO), regulamentado pela Norma Regulamentadora n\u00ba 7, assim como a forma de sua constru\u00e7\u00e3o. \u201c\u00c9 importante que o PCMSO seja feito de uma forma sin\u00e9rgica entre o banco, os funcion\u00e1rios e a Cassi (Caixa de Assist\u00eancia). Temos contribui\u00e7\u00f5es importantes que podem ajudar na melhoria da sa\u00fade laboral\u201d, afirmou a representante da Federa\u00e7\u00e3o dos Estabelecimentos Banc\u00e1rios de S\u00e3o Paulo e Mato Grosso do Sul (Feeb\/SP-MS), Elisa Ferreira.<\/p>\n<p>Os trabalhadores tamb\u00e9m cobraram a produ\u00e7\u00e3o conjunta da cartilha de orienta\u00e7\u00f5es aos funcion\u00e1rios sobre os passos que devem ser dados nos casos de afastamentos para tratamento de sa\u00fade.<\/p>\n<p>A representa\u00e7\u00e3o dos funcion\u00e1rios tamb\u00e9m levantou quest\u00f5es dos egressos de bancos incorporados que precisam ser debatidas na mesa de negocia\u00e7\u00f5es, como, por exemplo, o acesso ao Programa de Assist\u00eancia Social, que \u00e9 restrito aos associados da Cassi ou da Previ. Uma mesa espec\u00edfica para tratar do tema ser\u00e1 instalada logo ap\u00f3s o fim da Campanha Nacional.<\/p>\n<h3><strong>Pr\u00f3ximas reuni\u00f5es<\/strong><\/h3>\n<p>As pr\u00f3ximas reuni\u00f5es com o banco ocorrer\u00e3o na segunda-feira (17). Das 14h \u00e0s 16h, o debate girar\u00e1 em torno das reivindica\u00e7\u00f5es sobre Igualdade de Oportunidades e demais Cl\u00e1usulas Sociais, como parte das negocia\u00e7\u00f5es da Campanha Nacional. Em seguida, a partir das 16h, ser\u00e1 realizada uma mesa de negocia\u00e7\u00f5es espec\u00edfica para tratar de quest\u00f5es relacionadas \u00e0s medidas de preven\u00e7\u00e3o \u00e0 Covid-19.<\/p>\n<p><strong>Fonte: Contraf-CUT<\/strong><\/p>\n","protected":false},"excerpt":{"rendered":"<p>Na reuni\u00e3o entre a Comiss\u00e3o de Empresa dos Funcion\u00e1rios do Banco do Brasil (CEBB) e o banco, ocorrida na manh\u00e3 desta sexta-feira (14), por videoconfer\u00eancia, o debate sobre a cobran\u00e7a de metas abusivas e a Gest\u00e3o de Desempenho Profissional (GDP) foram os temas que geraram o maior debate na mesa de negocia\u00e7\u00f5es dos temas relacionados [&hellip;]<\/p>\n","protected":false},"author":2,"featured_media":9439,"comment_status":"","ping_status":"","sticky":false,"template":"","format":"standard","meta":{"footnotes":""},"categories":[3],"tags":[],"class_list":["post-9440","post","type-post","status-publish","format-standard","has-post-thumbnail","hentry","category-noticias"],"_links":{"self":[{"href":"https:\/\/hostnetart.com.br\/baixada\/wp-json\/wp\/v2\/posts\/9440","targetHints":{"allow":["GET"]}}],"collection":[{"href":"https:\/\/hostnetart.com.br\/baixada\/wp-json\/wp\/v2\/posts"}],"about":[{"href":"https:\/\/hostnetart.com.br\/baixada\/wp-json\/wp\/v2\/types\/post"}],"author":[{"embeddable":true,"href":"https:\/\/hostnetart.com.br\/baixada\/wp-json\/wp\/v2\/users\/2"}],"replies":[{"embeddable":true,"href":"https:\/\/hostnetart.com.br\/baixada\/wp-json\/wp\/v2\/comments?post=9440"}],"version-history":[{"count":0,"href":"https:\/\/hostnetart.com.br\/baixada\/wp-json\/wp\/v2\/posts\/9440\/revisions"}],"wp:featuredmedia":[{"embeddable":true,"href":"https:\/\/hostnetart.com.br\/baixada\/wp-json\/wp\/v2\/media\/9439"}],"wp:attachment":[{"href":"https:\/\/hostnetart.com.br\/baixada\/wp-json\/wp\/v2\/media?parent=9440"}],"wp:term":[{"taxonomy":"category","embeddable":true,"href":"https:\/\/hostnetart.com.br\/baixada\/wp-json\/wp\/v2\/categories?post=9440"},{"taxonomy":"post_tag","embeddable":true,"href":"https:\/\/hostnetart.com.br\/baixada\/wp-json\/wp\/v2\/tags?post=9440"}],"curies":[{"name":"wp","href":"https:\/\/api.w.org\/{rel}","templated":true}]}}