{"id":944,"date":"2014-04-02T00:00:00","date_gmt":"2014-04-02T03:00:00","guid":{"rendered":"https:\/\/hostnetart.com.br\/baixada\/contraf-cut-apoia-a-chapa-1-nas-eleicoes-da-funcef-de-5-a-9-de-maio\/"},"modified":"2014-04-02T00:00:00","modified_gmt":"2014-04-02T03:00:00","slug":"contraf-cut-apoia-a-chapa-1-nas-eleicoes-da-funcef-de-5-a-9-de-maio","status":"publish","type":"post","link":"https:\/\/hostnetart.com.br\/baixada\/contraf-cut-apoia-a-chapa-1-nas-eleicoes-da-funcef-de-5-a-9-de-maio\/","title":{"rendered":"Contraf-CUT apoia a Chapa 1 nas elei\u00e7\u00f5es da Funcef de 5 a 9 de maio"},"content":{"rendered":"<p>A Contraf-CUT manifesta total apoio \u00e0 Chapa 1 \u2013 Movimento pela Funcef na elei\u00e7\u00e3o dos representantes dos associados nas inst\u00e2ncias da funda\u00e7\u00e3o dos empregados da Caixa Econ\u00f4mica Federal. As elei\u00e7\u00f5es acontecem em todo pa\u00eds de 5 a 9 de maio. O processo eleitoral definir\u00e1 os ocupantes dos tr\u00eas cargos de diretores eleitos e tamb\u00e9m das duas das tr\u00eas vagas no Conselho Deliberativo e uma no Conselho Fiscal.<\/p>\n<p>Conhe\u00e7a os candidatos e as candidatas da Chapa 1 \u2013 Movimento pela Funcef:<\/p>\n<p><strong>Diretoria Executiva\u00a0<\/strong><\/p>\n<p>Jos\u00e9 Carlos Alonso Gon\u00e7alves<br \/>Pedro Eugenio Beneduzzi Leite<br \/>Renata Marotta<\/p>\n<p><strong>Conselho Deliberativo<\/strong><\/p>\n<p><strong>Titulares<\/strong><br \/>Jaqueline Maria Fonseca Mello<br \/>Ol\u00edvio Gomes Vieira<\/p>\n<p><strong>Suplentes<\/strong><br \/>Emanuel Souza de Jesus<br \/>Celso Matos<\/p>\n<p><strong>Conselho Fiscal<\/strong><\/p>\n<p><strong>Titular<\/strong><br \/>Marilde Perin Zarpellon<\/p>\n<p><strong>Suplente<\/strong><br \/>Gilmar Cabral Aguirre<\/p>\n<p><strong>Compromisso, experi\u00eancia e luta<\/strong><\/p>\n<p>Para Carlos Cordeiro, presidente da Contraf-CUT, n\u00e3o h\u00e1 d\u00favida de que a Chapa 1 \u00e9 a mais comprometida e preparada para representar os associados da ativa, aposentados e pensionistas na gest\u00e3o da Funcef. \u201cOs integrantes dessa chapa s\u00e3o pessoas capacitadas e experientes. Estou seguro de que eleitas far\u00e3o um trabalho s\u00e9rio e digno na gest\u00e3o do fundo de pens\u00e3o dos empregados da Caixa\u201d, afirma.<\/p>\n<p>\u201cA Chapar 1 tem igualmente o meu apoio. \u00c9 formada por pessoas com capacidade t\u00e9cnica e representa\u00e7\u00e3o coletiva que sempre lutaram e defenderam a categoria. Conhe\u00e7o essas pessoas desde quando entrei na Caixa em 1989. Estamos bem representados\u201d, destaca Jair Ferreira, coordenador da Comiss\u00e3o Executiva dos Empregados (CEE\/Caixa) e presidente eleito da Fenae.<\/p>\n<p>\u00c9 importante que os empregados da ativa e aposentados participem da elei\u00e7\u00e3o, que decide o destino do patrim\u00f4nio dos trabalhadores para garantir aposentadoria digna. \u201cA Chapa 1 representa a grande maioria das entidades sindicais e representativas do funcionalismo, tem experi\u00eancia nas lutas coletivas e vai defender com toda a certeza os interesses dos trabalhadores na Funcef\u201d, ressalta Fabiana Uehara Proscholdt , empregada da Caixa e diretora executiva da Contraf-CUT.<\/p>\n<p><strong>Propostas da Chapa 1<\/strong><\/p>\n<p>&#8211; Avan\u00e7ar na democratiza\u00e7\u00e3o da gest\u00e3o: lutar pelo fim do voto de minerva; propor altern\u00e2ncia entre eleitos e indicados nas diretorias; refor\u00e7ar a atua\u00e7\u00e3o dos comit\u00eas.<\/p>\n<p>&#8211; Melhorar benef\u00edcios: defesa do FRB, dos associados do REG\/REPLAN n\u00e3o saldado, do CTVA como verba salarial em todos os planos, da justi\u00e7a \u00e0s mulheres pr\u00e9-79 e aos aposentados do PMPP. Incorporar o REB ao Novo Plano.<\/p>\n<p>&#8211; Revolucionar o relacionamento: acompanhar de perto cada fase de vida do associado e aprimorar a educa\u00e7\u00e3o financeira e previdenci\u00e1ria.<\/p>\n<p>&#8211; Zelar por qualidade, seguran\u00e7a, controle e risco dos investimentos.<\/p>\n<p>&#8211; Continuar a luta para que a Caixa pague o custo das reservas nas a\u00e7\u00f5es trabalhistas com reflexos nos planos.<\/p>\n<p>Fonte: Contraf-CUT<\/p>\n","protected":false},"excerpt":{"rendered":"<p>A Contraf-CUT manifesta total apoio \u00e0 Chapa 1 \u2013 Movimento pela Funcef na elei\u00e7\u00e3o dos representantes dos associados nas inst\u00e2ncias da funda\u00e7\u00e3o dos empregados da Caixa Econ\u00f4mica Federal. As elei\u00e7\u00f5es acontecem em todo pa\u00eds de 5 a 9 de maio. O processo eleitoral definir\u00e1 os ocupantes dos tr\u00eas cargos de diretores eleitos e tamb\u00e9m das [&hellip;]<\/p>\n","protected":false},"author":1,"featured_media":0,"comment_status":"","ping_status":"","sticky":false,"template":"","format":"standard","meta":{"footnotes":""},"categories":[3],"tags":[],"class_list":["post-944","post","type-post","status-publish","format-standard","hentry","category-noticias"],"_links":{"self":[{"href":"https:\/\/hostnetart.com.br\/baixada\/wp-json\/wp\/v2\/posts\/944","targetHints":{"allow":["GET"]}}],"collection":[{"href":"https:\/\/hostnetart.com.br\/baixada\/wp-json\/wp\/v2\/posts"}],"about":[{"href":"https:\/\/hostnetart.com.br\/baixada\/wp-json\/wp\/v2\/types\/post"}],"author":[{"embeddable":true,"href":"https:\/\/hostnetart.com.br\/baixada\/wp-json\/wp\/v2\/users\/1"}],"replies":[{"embeddable":true,"href":"https:\/\/hostnetart.com.br\/baixada\/wp-json\/wp\/v2\/comments?post=944"}],"version-history":[{"count":0,"href":"https:\/\/hostnetart.com.br\/baixada\/wp-json\/wp\/v2\/posts\/944\/revisions"}],"wp:attachment":[{"href":"https:\/\/hostnetart.com.br\/baixada\/wp-json\/wp\/v2\/media?parent=944"}],"wp:term":[{"taxonomy":"category","embeddable":true,"href":"https:\/\/hostnetart.com.br\/baixada\/wp-json\/wp\/v2\/categories?post=944"},{"taxonomy":"post_tag","embeddable":true,"href":"https:\/\/hostnetart.com.br\/baixada\/wp-json\/wp\/v2\/tags?post=944"}],"curies":[{"name":"wp","href":"https:\/\/api.w.org\/{rel}","templated":true}]}}