{"id":9438,"date":"2020-08-17T10:51:29","date_gmt":"2020-08-17T13:51:29","guid":{"rendered":"https:\/\/hostnetart.com.br\/baixada\/contraf-cut-debate-a-representatividade-negra-no-parlamento-brasileiro\/"},"modified":"2020-08-17T10:51:29","modified_gmt":"2020-08-17T13:51:29","slug":"contraf-cut-debate-a-representatividade-negra-no-parlamento-brasileiro","status":"publish","type":"post","link":"https:\/\/hostnetart.com.br\/baixada\/contraf-cut-debate-a-representatividade-negra-no-parlamento-brasileiro\/","title":{"rendered":"Contraf-CUT debate a representatividade negra no Parlamento brasileiro"},"content":{"rendered":"<p>A Confedera\u00e7\u00e3o Nacional dos Trabalhadores do Ramo Financeiro participou, nesta sexta-feira (14), da s\u00e9tima reuni\u00e3o da bancada do Partido dos Trabalhadores do Senado, com a coordena\u00e7\u00e3o do Senador Jaques Wagner (PT-BA), participaram tamb\u00e9m os senadores Humberto Costa (PE), Paulo Rocha(PT-PA) e Zenaide Maia (PROS-RN) juntamente com a Secretaria Nacional de Combate ao Racismo do PT e o Movimento Negro Brasileiro para debater Elei\u00e7\u00f5es Municipais e a representatividade negra no Parlamento brasileiro.<\/p>\n<p>Segundo Martvs das Chagas, secret\u00e1rio Nacional de Combate ao Racismo do PT, do montante reservado para as candidaturas priorit\u00e1rias no Partido dos Trabalhadores, 30% ser\u00e1 destinado \u00e0s candidaturas negras. \u201cTodavia, nossa luta agora \u00e9 para que o TSE aprove o percentual de 30% para candidaturas negras masculinas e 50% para as candidaturas negras femininas. Esta \u00e9 nossa pr\u00f3xima batalha.\u201d<\/p>\n<p>O senador Jaques Wagner lembrou que, no pr\u00f3ximo dia 20, haver\u00e1 a vota\u00e7\u00e3o do PL n\u00b0 2179, de 2020, que obriga os \u00f3rg\u00e3os e institui\u00e7\u00f5es de sa\u00fade a promoverem o registro e cadastramento de dados relativos a marcadores \u00e9tnicos-raciais, como idade, g\u00eanero, condi\u00e7\u00e3o de defici\u00eancia e localiza\u00e7\u00e3o dos pacientes por eles atendidos em decorr\u00eancia de infec\u00e7\u00e3o pelo v\u00edrus SARS-CoV-2 (Covid19).<\/p>\n<p>Almir Aguiar, secret\u00e1rio de Combate ao Racismo da Contraf-CUT, explicou que os debates promovidos pela bancada do Partido dos Trabalhadores no Senado t\u00eam sido muito importantes no sentido do di\u00e1logo e propostas na quest\u00e3o racial no parlamento. Em sua fala, o secret\u00e1rio da Contraf-CUT lembrou que os banc\u00e1rios est\u00e3o em campanha salarial e uma das reivindica\u00e7\u00f5es \u00e9 por mais contrata\u00e7\u00f5es de negras e negros no sistema financeiro. \u201cA cor da pele \u00e9 um dificultador para ascens\u00e3o profissional e as mulheres negras s\u00e3o as mais vulner\u00e1veis no setor\u201d, disse.<\/p>\n<p>Almir citou Salvador como o exemplo cl\u00e1ssico de uma cidade predominantemente negra, com o n\u00famero de banc\u00e1rios ainda insuficiente. \u201c\u00c9 a cara do racismo nos bancos\u201d, completou.<\/p>\n<p><strong>Fonte: Contraf-CUT<\/strong><\/p>\n","protected":false},"excerpt":{"rendered":"<p>A Confedera\u00e7\u00e3o Nacional dos Trabalhadores do Ramo Financeiro participou, nesta sexta-feira (14), da s\u00e9tima reuni\u00e3o da bancada do Partido dos Trabalhadores do Senado, com a coordena\u00e7\u00e3o do Senador Jaques Wagner (PT-BA), participaram tamb\u00e9m os senadores Humberto Costa (PE), Paulo Rocha(PT-PA) e Zenaide Maia (PROS-RN) juntamente com a Secretaria Nacional de Combate ao Racismo do PT [&hellip;]<\/p>\n","protected":false},"author":2,"featured_media":9437,"comment_status":"","ping_status":"","sticky":false,"template":"","format":"standard","meta":{"footnotes":""},"categories":[3],"tags":[],"class_list":["post-9438","post","type-post","status-publish","format-standard","has-post-thumbnail","hentry","category-noticias"],"_links":{"self":[{"href":"https:\/\/hostnetart.com.br\/baixada\/wp-json\/wp\/v2\/posts\/9438","targetHints":{"allow":["GET"]}}],"collection":[{"href":"https:\/\/hostnetart.com.br\/baixada\/wp-json\/wp\/v2\/posts"}],"about":[{"href":"https:\/\/hostnetart.com.br\/baixada\/wp-json\/wp\/v2\/types\/post"}],"author":[{"embeddable":true,"href":"https:\/\/hostnetart.com.br\/baixada\/wp-json\/wp\/v2\/users\/2"}],"replies":[{"embeddable":true,"href":"https:\/\/hostnetart.com.br\/baixada\/wp-json\/wp\/v2\/comments?post=9438"}],"version-history":[{"count":0,"href":"https:\/\/hostnetart.com.br\/baixada\/wp-json\/wp\/v2\/posts\/9438\/revisions"}],"wp:featuredmedia":[{"embeddable":true,"href":"https:\/\/hostnetart.com.br\/baixada\/wp-json\/wp\/v2\/media\/9437"}],"wp:attachment":[{"href":"https:\/\/hostnetart.com.br\/baixada\/wp-json\/wp\/v2\/media?parent=9438"}],"wp:term":[{"taxonomy":"category","embeddable":true,"href":"https:\/\/hostnetart.com.br\/baixada\/wp-json\/wp\/v2\/categories?post=9438"},{"taxonomy":"post_tag","embeddable":true,"href":"https:\/\/hostnetart.com.br\/baixada\/wp-json\/wp\/v2\/tags?post=9438"}],"curies":[{"name":"wp","href":"https:\/\/api.w.org\/{rel}","templated":true}]}}