{"id":9434,"date":"2020-08-17T10:46:35","date_gmt":"2020-08-17T13:46:35","guid":{"rendered":"https:\/\/hostnetart.com.br\/baixada\/cee-e-caixa-debatem-igualdade-de-oportunidades-e-clausulas-sociais-na-segunda-feira\/"},"modified":"2020-08-17T10:46:35","modified_gmt":"2020-08-17T13:46:35","slug":"cee-e-caixa-debatem-igualdade-de-oportunidades-e-clausulas-sociais-na-segunda-feira","status":"publish","type":"post","link":"https:\/\/hostnetart.com.br\/baixada\/cee-e-caixa-debatem-igualdade-de-oportunidades-e-clausulas-sociais-na-segunda-feira\/","title":{"rendered":"CEE e Caixa debatem Igualdade de Oportunidades e Cl\u00e1usulas Sociais na segunda-feira"},"content":{"rendered":"<p>A Comiss\u00e3o Executiva dos Empregados da Caixa (CEE\/Caixa) volta a se reunir, na segunda-feira (17), com a dire\u00e7\u00e3o da Caixa para a negocia\u00e7\u00e3o do Acordo Coletivo de Trabalho (ACT). O terceiro encontro da Campanha Nacional 2020, por meio de videoconfer\u00eancia, ir\u00e1 debater Igualdade de Oportunidades e Cl\u00e1usulas Sociais.<\/p>\n<p>Na pauta de reivindica\u00e7\u00f5es definida no 36\u00ba Congresso Nacional dos Empregados da Caixa Econ\u00f4mica Federal (Conecef), realizado em julho, este item conta com 16 artigos, melhores condi\u00e7\u00f5es de trabalho e seguran\u00e7a para os trabalhadores.<\/p>\n<p>\u201cNas mesas anteriores tivemos debates importantes, mas precisamos avan\u00e7ar na manuten\u00e7\u00e3o das nossas conquistas e na minuta que entregamos. Queremos que a Caixa, efetivamente, ofere\u00e7a aos empregados as menores taxas pros empr\u00e9stimos, cr\u00e9ditos, a continua\u00e7\u00e3o da isen\u00e7\u00e3o de tarifas, o respeito \u00e0 jornada, manuten\u00e7\u00e3o da PLR Social entre outros itens tamb\u00e9m importantes\u201d, afirmou a coordenadora da CEE\/Caixa e secret\u00e1ria da Cultura da Confedera\u00e7\u00e3o Nacional dos Trabalhadores do Ramo Financeiro (Contraf-CUT), Fabiana Uehara Proscholdt, ao lembrar que a CEE espera que a Caixa traga respostas positivas para as reivindica\u00e7\u00f5es feitas nas mesas anteriores.<\/p>\n<p><strong>Fonte: Contraf-CUT<\/strong><\/p>\n","protected":false},"excerpt":{"rendered":"<p>A Comiss\u00e3o Executiva dos Empregados da Caixa (CEE\/Caixa) volta a se reunir, na segunda-feira (17), com a dire\u00e7\u00e3o da Caixa para a negocia\u00e7\u00e3o do Acordo Coletivo de Trabalho (ACT). O terceiro encontro da Campanha Nacional 2020, por meio de videoconfer\u00eancia, ir\u00e1 debater Igualdade de Oportunidades e Cl\u00e1usulas Sociais. Na pauta de reivindica\u00e7\u00f5es definida no 36\u00ba [&hellip;]<\/p>\n","protected":false},"author":2,"featured_media":9433,"comment_status":"","ping_status":"","sticky":false,"template":"","format":"standard","meta":{"footnotes":""},"categories":[3],"tags":[],"class_list":["post-9434","post","type-post","status-publish","format-standard","has-post-thumbnail","hentry","category-noticias"],"_links":{"self":[{"href":"https:\/\/hostnetart.com.br\/baixada\/wp-json\/wp\/v2\/posts\/9434","targetHints":{"allow":["GET"]}}],"collection":[{"href":"https:\/\/hostnetart.com.br\/baixada\/wp-json\/wp\/v2\/posts"}],"about":[{"href":"https:\/\/hostnetart.com.br\/baixada\/wp-json\/wp\/v2\/types\/post"}],"author":[{"embeddable":true,"href":"https:\/\/hostnetart.com.br\/baixada\/wp-json\/wp\/v2\/users\/2"}],"replies":[{"embeddable":true,"href":"https:\/\/hostnetart.com.br\/baixada\/wp-json\/wp\/v2\/comments?post=9434"}],"version-history":[{"count":0,"href":"https:\/\/hostnetart.com.br\/baixada\/wp-json\/wp\/v2\/posts\/9434\/revisions"}],"wp:featuredmedia":[{"embeddable":true,"href":"https:\/\/hostnetart.com.br\/baixada\/wp-json\/wp\/v2\/media\/9433"}],"wp:attachment":[{"href":"https:\/\/hostnetart.com.br\/baixada\/wp-json\/wp\/v2\/media?parent=9434"}],"wp:term":[{"taxonomy":"category","embeddable":true,"href":"https:\/\/hostnetart.com.br\/baixada\/wp-json\/wp\/v2\/categories?post=9434"},{"taxonomy":"post_tag","embeddable":true,"href":"https:\/\/hostnetart.com.br\/baixada\/wp-json\/wp\/v2\/tags?post=9434"}],"curies":[{"name":"wp","href":"https:\/\/api.w.org\/{rel}","templated":true}]}}