{"id":9432,"date":"2020-08-17T10:44:42","date_gmt":"2020-08-17T13:44:42","guid":{"rendered":"https:\/\/hostnetart.com.br\/baixada\/funcionarios-exigem-que-santander-seja-transparente-e-cumpra-a-lei\/"},"modified":"2020-08-17T10:44:42","modified_gmt":"2020-08-17T13:44:42","slug":"funcionarios-exigem-que-santander-seja-transparente-e-cumpra-a-lei","status":"publish","type":"post","link":"https:\/\/hostnetart.com.br\/baixada\/funcionarios-exigem-que-santander-seja-transparente-e-cumpra-a-lei\/","title":{"rendered":"Funcion\u00e1rios exigem que Santander seja transparente e cumpra a lei"},"content":{"rendered":"<p>Depois de\u00a0<a href=\"https:\/\/contrafcut.com.br\/noticias\/negociacoes-com-santander-continuam-na-sexta-31\/\">cobrar na \u00faltima reuni\u00e3o de negocia\u00e7\u00f5es<\/a>, a Comiss\u00e3o de Organiza\u00e7\u00e3o dos Empregados (COE) do banco Santander\u00a0<a href=\"https:\/\/spbancarios.com.br\/sites\/default\/files\/anexos\/carta_santander_dados_e_ia_03082020.docx\">enviou um of\u00edcio<\/a>\u00a0ao RH do Santander solicitando a retirada da rede interna do banco de um Termo Aditivo ao Contrato de Trabalho que, se assinado pelos trabalhadores, pode\u00a0<a href=\"https:\/\/spbancarios.com.br\/07\/2020\/trabalhadores-estao-sendo-obrigados-cederem-direitos-de-imagens-e-dados-pessoais\">dar total direito ao Santander de realizar coleta de dados pessoais e imagens, bem como compartilhar essas informa\u00e7\u00f5es com empresas do grupo e terceiros<\/a>\u00a0tanto no Brasil quanto no exterior.<\/p>\n<p>Para Mario Raia, secret\u00e1rio de Assuntos Socioecon\u00f4micos e representante da Confedera\u00e7\u00e3o Nacional dos Trabalhadores do Ramo Financeiro (Contraf-CUT) nas negocia\u00e7\u00f5es com o Santander, o banco deixou seus funcion\u00e1rios sem escolha e, desde a imposi\u00e7\u00e3o do banco, muitos deles t\u00eam procurado seus sindicatos, temerosos do que pode vir a acontecer caso n\u00e3o assinem o termo.<\/p>\n<p>\u201cInfelizmente, os funcion\u00e1rios n\u00e3o t\u00eam alternativa. Se n\u00e3o assinam o termo s\u00e3o prejudicados. Mas, as entidades de representa\u00e7\u00e3o tomar\u00e3o todas as medidas cab\u00edveis para proteger a eles e aos seus dados pessoais\u201d, explicou o dirigente da Contraf-CUT.<\/p>\n<h3>Problema permanece<\/h3>\n<p>O banco n\u00e3o retirou o termo do sistema. Fez apenas algumas orienta\u00e7\u00f5es a respeito do termo sem alter\u00e1-lo, mas, de acordo com parecer jur\u00eddico encomendado pelo movimento sindical, elas n\u00e3o corrigem o problema. Os advogados afirmam que a lei define regras para que sejam compartilhados dados dos funcion\u00e1rios.<\/p>\n<p>\u201cNo \u2018Termo aditivo ao contrato de trabalho\u2019, imposto pelo Santander aos seus funcion\u00e1rios, o banco n\u00e3o cumpre os requisitos da transpar\u00eancia. Al\u00e9m de n\u00e3o informar quais dados ser\u00e3o coletados, tamb\u00e9m n\u00e3o indica qual a finalidade espec\u00edfica deste compartilhamento\u201d, explicou o secret\u00e1rio de Assuntos Socioecon\u00f4micos e representante da Confedera\u00e7\u00e3o Nacional dos Trabalhadores do Ramo Financeiro (Contraf-CUT) nas negocia\u00e7\u00f5es com o Santander, Mario Raia.<\/p>\n<p>O parecer jur\u00eddico ressalta que qualquer altera\u00e7\u00e3o no contrato de trabalho \u00e9 de interesse coletivo dos trabalhadores e, consequentemente, das entidades que os representam.<\/p>\n<p>O banco estipulou que os trabalhadores devem assinar o contrato at\u00e9 o dia 14 de agosto. Quem n\u00e3o assinar deixar\u00e1 de ter acesso ao portal RH e a outros servi\u00e7os na intranet do banco.<\/p>\n<p>\u201cPedimos apenas que o banco seja transparente e, como exige a lei, informe quais e porque seus dados ser\u00e3o recolhidos, al\u00e9m disso, como e pra que estes dados ser\u00e3o utilizados. Queremos apenas que a lei seja cumprida\u201d, afirmou Mario Raia.<\/p>\n<p><strong>Fonte: Contraf-CUT<\/strong><\/p>\n","protected":false},"excerpt":{"rendered":"<p>Depois de\u00a0cobrar na \u00faltima reuni\u00e3o de negocia\u00e7\u00f5es, a Comiss\u00e3o de Organiza\u00e7\u00e3o dos Empregados (COE) do banco Santander\u00a0enviou um of\u00edcio\u00a0ao RH do Santander solicitando a retirada da rede interna do banco de um Termo Aditivo ao Contrato de Trabalho que, se assinado pelos trabalhadores, pode\u00a0dar total direito ao Santander de realizar coleta de dados pessoais e [&hellip;]<\/p>\n","protected":false},"author":2,"featured_media":9431,"comment_status":"","ping_status":"","sticky":false,"template":"","format":"standard","meta":{"footnotes":""},"categories":[3],"tags":[],"class_list":["post-9432","post","type-post","status-publish","format-standard","has-post-thumbnail","hentry","category-noticias"],"_links":{"self":[{"href":"https:\/\/hostnetart.com.br\/baixada\/wp-json\/wp\/v2\/posts\/9432","targetHints":{"allow":["GET"]}}],"collection":[{"href":"https:\/\/hostnetart.com.br\/baixada\/wp-json\/wp\/v2\/posts"}],"about":[{"href":"https:\/\/hostnetart.com.br\/baixada\/wp-json\/wp\/v2\/types\/post"}],"author":[{"embeddable":true,"href":"https:\/\/hostnetart.com.br\/baixada\/wp-json\/wp\/v2\/users\/2"}],"replies":[{"embeddable":true,"href":"https:\/\/hostnetart.com.br\/baixada\/wp-json\/wp\/v2\/comments?post=9432"}],"version-history":[{"count":0,"href":"https:\/\/hostnetart.com.br\/baixada\/wp-json\/wp\/v2\/posts\/9432\/revisions"}],"wp:featuredmedia":[{"embeddable":true,"href":"https:\/\/hostnetart.com.br\/baixada\/wp-json\/wp\/v2\/media\/9431"}],"wp:attachment":[{"href":"https:\/\/hostnetart.com.br\/baixada\/wp-json\/wp\/v2\/media?parent=9432"}],"wp:term":[{"taxonomy":"category","embeddable":true,"href":"https:\/\/hostnetart.com.br\/baixada\/wp-json\/wp\/v2\/categories?post=9432"},{"taxonomy":"post_tag","embeddable":true,"href":"https:\/\/hostnetart.com.br\/baixada\/wp-json\/wp\/v2\/tags?post=9432"}],"curies":[{"name":"wp","href":"https:\/\/api.w.org\/{rel}","templated":true}]}}