{"id":9424,"date":"2020-08-14T17:00:14","date_gmt":"2020-08-14T20:00:14","guid":{"rendered":"https:\/\/hostnetart.com.br\/baixada\/bancari-s-discutem-igualdade-e-querem-definicoes-da-campanha\/"},"modified":"2020-08-14T17:00:14","modified_gmt":"2020-08-14T20:00:14","slug":"bancari-s-discutem-igualdade-e-querem-definicoes-da-campanha","status":"publish","type":"post","link":"https:\/\/hostnetart.com.br\/baixada\/bancari-s-discutem-igualdade-e-querem-definicoes-da-campanha\/","title":{"rendered":"Banc\u00e1ri@s discutem igualdade e querem defini\u00e7\u00f5es da campanha"},"content":{"rendered":"<p>O Comando Nacional\u00a0d@s\u00a0Banc\u00e1ri@s\u00a0apresentou nesta quinta-feira (13) aos representantes da Federa\u00e7\u00e3o Nacional dos Bancos (Fenaban) as reivindica\u00e7\u00f5es sobre igualdade de oportunidades da categoria. O Comando reivindicou a incorpora\u00e7\u00e3o \u00e0 Conven\u00e7\u00e3o Coletiva de Trabalho do aditivo assinado em mar\u00e7o deste ano que d\u00e1 as diretrizes para a cria\u00e7\u00e3o de um programa de preven\u00e7\u00e3o \u00e0 pr\u00e1tica de viol\u00eancia dom\u00e9stica e familiar contra banc\u00e1rias. Outra quest\u00e3o levantada \u00e9 que as negocia\u00e7\u00f5es da campanha comecem a ser definidas na semana que vem.<\/p>\n<p>As propostas da categoria discutidas nesta quinta-feira apontam para o fim das desigualdades nas institui\u00e7\u00f5es banc\u00e1rias, que atingem preponderantemente as mulheres, negros, homossexuais e pessoas com defici\u00eancia (PCDs). O Comando Nacional reivindicou a incorpora\u00e7\u00e3o \u00e0 Conven\u00e7\u00e3o Coletiva do aditivo assinado em mar\u00e7o com a Fenaban para a cria\u00e7\u00e3o de um programa de preven\u00e7\u00e3o \u00e0 pr\u00e1tica de viol\u00eancia dom\u00e9stica e familiar contra banc\u00e1rias. No programa est\u00e1 prevista a cria\u00e7\u00e3o pelos bancos de canais de apoio para que banc\u00e1rias v\u00edtimas de viol\u00eancia busquem assist\u00eancia, acolhimento e atendimento.<\/p>\n<p>\u201cEsse debate precisa ser feito banco a banco, para implementarmos esses canais internos. Esses canais iriam ser constru\u00eddos quando surgiu a pandemia. Agora, precisamos informar o quadro de funcion\u00e1rios. Precisamos retomar essas a\u00e7\u00f5es e implementar esse programa para dar assist\u00eancia \u00e0s banc\u00e1rias v\u00edtimas de viol\u00eancia\u201d, disse a presidenta da Confedera\u00e7\u00e3o Nacional dos Trabalhadores do Ramo Financeiro (Contraf-CUT), Juvandia Moreira, umas das coordenadoras do Comando Nacional\u00a0d@s\u00a0Banc\u00e1ri@s.<\/p>\n<h2><span style=\"text-decoration: underline;\">Censo<\/span><\/h2>\n<p>Na reuni\u00e3o, a Fenaban apresentou os dados do 3\u00ba Censo da Diversidade Banc\u00e1ria. Mas, as informa\u00e7\u00f5es trazidas foram consideradas insuficientes pelo movimento sindical. Os representantes do Comando Nacional reivindicaram que os dados sejam apresentados de forma completa para uma an\u00e1lise das desigualdades que atingem @s banc\u00e1ri@s.<\/p>\n<p>A Fenaban ficou de apresentar os dados em uma nova reuni\u00e3o a ser marcada. \u201cOs dados do censo apresentados foram insuficientes. Vamos marcar uma pr\u00f3xima reuni\u00e3o para a Fenaban abrir todos os dados\u201d, disse Juvandia.<\/p>\n<h2><span style=\"text-decoration: underline;\">Campanha<\/span><\/h2>\n<p>A presidenta da Contraf-CUT tamb\u00e9m cobrou no final da reuni\u00e3o que as negocia\u00e7\u00f5es comecem a ser definidas. \u201cA gente quer que as defini\u00e7\u00f5es sobre as negocia\u00e7\u00f5es comecem a acontecer. Eles precisam apresentar a proposta deles para que possamos encerrar a campanha at\u00e9 o final da semana que vem\u201d, falou Juvandia. A pr\u00f3xima reuni\u00e3o de negocia\u00e7\u00f5es entre o Comando Nacional\u00a0d@s\u00a0Banc\u00e1rios e a Fenaban acontece nesta sexta-feira (14), quando ser\u00e3o debatidas as Cl\u00e1usulas Sociais e outras reivindica\u00e7\u00f5es.<\/p>\n<p><strong>Fonte: Contraf-CUT<\/strong><\/p>\n","protected":false},"excerpt":{"rendered":"<p>O Comando Nacional\u00a0d@s\u00a0Banc\u00e1ri@s\u00a0apresentou nesta quinta-feira (13) aos representantes da Federa\u00e7\u00e3o Nacional dos Bancos (Fenaban) as reivindica\u00e7\u00f5es sobre igualdade de oportunidades da categoria. O Comando reivindicou a incorpora\u00e7\u00e3o \u00e0 Conven\u00e7\u00e3o Coletiva de Trabalho do aditivo assinado em mar\u00e7o deste ano que d\u00e1 as diretrizes para a cria\u00e7\u00e3o de um programa de preven\u00e7\u00e3o \u00e0 pr\u00e1tica de viol\u00eancia [&hellip;]<\/p>\n","protected":false},"author":2,"featured_media":9423,"comment_status":"","ping_status":"","sticky":false,"template":"","format":"standard","meta":{"footnotes":""},"categories":[3],"tags":[],"class_list":["post-9424","post","type-post","status-publish","format-standard","has-post-thumbnail","hentry","category-noticias"],"_links":{"self":[{"href":"https:\/\/hostnetart.com.br\/baixada\/wp-json\/wp\/v2\/posts\/9424","targetHints":{"allow":["GET"]}}],"collection":[{"href":"https:\/\/hostnetart.com.br\/baixada\/wp-json\/wp\/v2\/posts"}],"about":[{"href":"https:\/\/hostnetart.com.br\/baixada\/wp-json\/wp\/v2\/types\/post"}],"author":[{"embeddable":true,"href":"https:\/\/hostnetart.com.br\/baixada\/wp-json\/wp\/v2\/users\/2"}],"replies":[{"embeddable":true,"href":"https:\/\/hostnetart.com.br\/baixada\/wp-json\/wp\/v2\/comments?post=9424"}],"version-history":[{"count":0,"href":"https:\/\/hostnetart.com.br\/baixada\/wp-json\/wp\/v2\/posts\/9424\/revisions"}],"wp:featuredmedia":[{"embeddable":true,"href":"https:\/\/hostnetart.com.br\/baixada\/wp-json\/wp\/v2\/media\/9423"}],"wp:attachment":[{"href":"https:\/\/hostnetart.com.br\/baixada\/wp-json\/wp\/v2\/media?parent=9424"}],"wp:term":[{"taxonomy":"category","embeddable":true,"href":"https:\/\/hostnetart.com.br\/baixada\/wp-json\/wp\/v2\/categories?post=9424"},{"taxonomy":"post_tag","embeddable":true,"href":"https:\/\/hostnetart.com.br\/baixada\/wp-json\/wp\/v2\/tags?post=9424"}],"curies":[{"name":"wp","href":"https:\/\/api.w.org\/{rel}","templated":true}]}}