{"id":9422,"date":"2020-08-14T16:58:37","date_gmt":"2020-08-14T19:58:37","guid":{"rendered":"https:\/\/hostnetart.com.br\/baixada\/contraf-cut-convoca-bancarios-a-se-manifestarem-contra-mp-995\/"},"modified":"2020-08-14T16:58:37","modified_gmt":"2020-08-14T19:58:37","slug":"contraf-cut-convoca-bancarios-a-se-manifestarem-contra-mp-995","status":"publish","type":"post","link":"https:\/\/hostnetart.com.br\/baixada\/contraf-cut-convoca-bancarios-a-se-manifestarem-contra-mp-995\/","title":{"rendered":"Contraf-CUT convoca banc\u00e1rios a se manifestarem contra MP 995"},"content":{"rendered":"<p>A Confedera\u00e7\u00e3o Nacional dos Trabalhadores do Ramo Financeiro (Contraf-CUT) convoca toda a categoria banc\u00e1ria a se manifestar contra a Medida Provis\u00f3ria 995, que autoriza a cria\u00e7\u00e3o de subsidi\u00e1rias da Caixa Econ\u00f4mica Federal para vend\u00ea-las. A MP foi publicada na noite da \u00faltima sexta-feira (7) e j\u00e1 est\u00e1 em vigor. Neste momento, a mobiliza\u00e7\u00e3o dos empregados \u00e9 essencial para impedir que a medida seja aprovada no Congresso e torne-se lei. \u00c9 hora de mostrar para a sociedade a import\u00e2ncia de um banco 100% p\u00fablico.<\/p>\n<p>Fabiana Uehara Proscholdt, coordenadora da Comiss\u00e3o Executiva dos Empregados da Caixa (CEE\/Caixa) e secret\u00e1ria da Cultura da Contraf-CUT, lembra que a press\u00e3o e mobiliza\u00e7\u00e3o de entidades representativas dos trabalhadores e da sociedade civil, que resultou em 412 emendas apresentadas por deputados e senadores contr\u00e1rios \u00e0 MP. \u201cA uni\u00e3o de toda a categoria banc\u00e1ria \u00e9 fundamental para mobilizar os parlamentares e a sociedade como um todo contra o enfraquecimento de um dos maiores patrim\u00f4nios brasileiros, que \u00e9 a Caixa 100% p\u00fablica.\u201d<\/p>\n<p>Para S\u00e9rgio Takemoto, secret\u00e1rio de Finan\u00e7as da Contraf-CUT e presidente da Federa\u00e7\u00e3o das Associa\u00e7\u00f5es do Pessoal da Caixa Econ\u00f4mica Federal (Fenae), a ousadia do Governo em criar uma Medida Provis\u00f3ria, como se a venda de subsidi\u00e1rias fosse urgente, em plena pandemia, demonstra que o governo escancarou o desejo de atender ao mercado. \u201cN\u00e3o vamos deixar. Com o pagamento do Aux\u00edlio Emergencial e de todos os outros benef\u00edcios, estamos provando, mais uma vez, a import\u00e2ncia dos empregados e das pol\u00edticas sociais do banco para atender a popula\u00e7\u00e3o mais carente deste pa\u00eds\u201d, disse.<\/p>\n<p>No portal e-Cidadania, que funciona para que todos os cidad\u00e3os possam opinar sobre as mat\u00e9rias que chegam ao Congresso Nacional, a MP 995 est\u00e1 entre as proposi\u00e7\u00f5es mais votadas no dia. Nas \u00faltimas 24 horas, quase 10 mil pessoas se manifestaram contra a medida. Somente 259 opinaram a favor. Por meio do link abaixo, \u00e9 poss\u00edvel votar contra e demonstrar a rejei\u00e7\u00e3o \u00e0 tentativa do governo de vender um patrim\u00f4nio p\u00fablico, que \u00e9 essencial para amparar a popula\u00e7\u00e3o diante da desigualdade social do pa\u00eds.<\/p>\n<p><a href=\"https:\/\/www12.senado.leg.br\/ecidadania\/visualizacaomateria?id=143917\">Vote aqui<\/a>.<\/p>\n<p><strong>Fonte: Contraf-CUT<\/strong><\/p>\n","protected":false},"excerpt":{"rendered":"<p>A Confedera\u00e7\u00e3o Nacional dos Trabalhadores do Ramo Financeiro (Contraf-CUT) convoca toda a categoria banc\u00e1ria a se manifestar contra a Medida Provis\u00f3ria 995, que autoriza a cria\u00e7\u00e3o de subsidi\u00e1rias da Caixa Econ\u00f4mica Federal para vend\u00ea-las. A MP foi publicada na noite da \u00faltima sexta-feira (7) e j\u00e1 est\u00e1 em vigor. Neste momento, a mobiliza\u00e7\u00e3o dos empregados [&hellip;]<\/p>\n","protected":false},"author":2,"featured_media":9421,"comment_status":"","ping_status":"","sticky":false,"template":"","format":"standard","meta":{"footnotes":""},"categories":[3],"tags":[],"class_list":["post-9422","post","type-post","status-publish","format-standard","has-post-thumbnail","hentry","category-noticias"],"_links":{"self":[{"href":"https:\/\/hostnetart.com.br\/baixada\/wp-json\/wp\/v2\/posts\/9422","targetHints":{"allow":["GET"]}}],"collection":[{"href":"https:\/\/hostnetart.com.br\/baixada\/wp-json\/wp\/v2\/posts"}],"about":[{"href":"https:\/\/hostnetart.com.br\/baixada\/wp-json\/wp\/v2\/types\/post"}],"author":[{"embeddable":true,"href":"https:\/\/hostnetart.com.br\/baixada\/wp-json\/wp\/v2\/users\/2"}],"replies":[{"embeddable":true,"href":"https:\/\/hostnetart.com.br\/baixada\/wp-json\/wp\/v2\/comments?post=9422"}],"version-history":[{"count":0,"href":"https:\/\/hostnetart.com.br\/baixada\/wp-json\/wp\/v2\/posts\/9422\/revisions"}],"wp:featuredmedia":[{"embeddable":true,"href":"https:\/\/hostnetart.com.br\/baixada\/wp-json\/wp\/v2\/media\/9421"}],"wp:attachment":[{"href":"https:\/\/hostnetart.com.br\/baixada\/wp-json\/wp\/v2\/media?parent=9422"}],"wp:term":[{"taxonomy":"category","embeddable":true,"href":"https:\/\/hostnetart.com.br\/baixada\/wp-json\/wp\/v2\/categories?post=9422"},{"taxonomy":"post_tag","embeddable":true,"href":"https:\/\/hostnetart.com.br\/baixada\/wp-json\/wp\/v2\/tags?post=9422"}],"curies":[{"name":"wp","href":"https:\/\/api.w.org\/{rel}","templated":true}]}}