{"id":9420,"date":"2020-08-13T18:14:26","date_gmt":"2020-08-13T21:14:26","guid":{"rendered":"https:\/\/hostnetart.com.br\/baixada\/santander-atencao-para-nao-perder-a-estabilidade-pre-aposentadoria\/"},"modified":"2020-08-13T18:14:26","modified_gmt":"2020-08-13T21:14:26","slug":"santander-atencao-para-nao-perder-a-estabilidade-pre-aposentadoria","status":"publish","type":"post","link":"https:\/\/hostnetart.com.br\/baixada\/santander-atencao-para-nao-perder-a-estabilidade-pre-aposentadoria\/","title":{"rendered":"SANTANDER &#8211; Aten\u00e7\u00e3o para n\u00e3o perder a estabilidade pr\u00e9-aposentadoria"},"content":{"rendered":"<p>Banc\u00e1rios do\u00a0<a href=\"https:\/\/spbancarios.com.br\/santander\">Santander<\/a>\u00a0devem ficar atentos aos prazos para entrega da carta manifestando inten\u00e7\u00e3o de usufruir da\u00a0<a href=\"https:\/\/spbancarios.com.br\/tag\/estabilidade-pre-aposentadoria\">estabilidade pr\u00e9-aposentadoria<\/a>. De acordo com o termo de compromisso assinado entre o banco e os representantes dos trabalhadores no dia 21 de maio deste ano, os trabalhadores que estiverem eleg\u00edveis precisam enviar o documento ao RH e ao seu gestor at\u00e9 o dia 31 de agosto. \u00c9 vedada a entrega no ato do desligamento, como consta no Termo de Compromisso de Estabilidade Pr\u00e9-Aposentadoria anexo ao Acordo Aditivo do Santander com validade at\u00e9 2022:<\/p>\n<p><em>a) Ter entregue at\u00e9 11\/11\/2019, data anterior a vig\u00eancia da Emenda Constitucional 103, de 12 de novembro de 2019, ou para aqueles que ainda n\u00e3o o fizeram, que preferencialmente o fa\u00e7am de forma imediata e, no limite, at\u00e9 31 de agosto do presente ano, restando proibida a comunica\u00e7\u00e3o apenas no momento de eventual rompimento de contrato, a comunica\u00e7\u00e3o escrita referida na al\u00ednea \u201ca\u201d do Par\u00e1grafo Primeiro da Cl\u00e1usula 27 da\u00a0<a href=\"https:\/\/spbancarios.com.br\/cct-acordos-coletivos\">Conven\u00e7\u00e3o Coletiva de Trabalho<\/a>\u00a02018\/2020<\/em>.<\/p>\n<p>Al\u00e9m da carta, o banc\u00e1rio deve anexar tamb\u00e9m o CNIS \u2013 que deve ser retirado no site do INSS \u2013 e os formul\u00e1rios dispon\u00edveis na intranet do banco. O trabalhador que n\u00e3o tem certeza se completou o prazo para garantir a estabilidade deve procurar o INSS e buscar seu CNIS. Com este documento, ser\u00e1 poss\u00edvel saber qual a data correta que entrar na estabilidade.<\/p>\n<p>O Sindicato refor\u00e7a que \u00e9 fundamental que os trabalhadores avisem o banco, preenchendo os formul\u00e1rios na intranet e encaminhando o CNIS. Sem isso, o banc\u00e1rio interessado poder\u00e1 perder o direito. Em caso de d\u00favida, procure o Sindicato.<\/p>\n<p>IMPORTANTE: Para que isso ocorra e seja poss\u00edvel, a conven\u00e7\u00e3o coletiva e acordos aditivos devem ser assegurados e mantidos.<\/p>\n","protected":false},"excerpt":{"rendered":"<p>Banc\u00e1rios do\u00a0Santander\u00a0devem ficar atentos aos prazos para entrega da carta manifestando inten\u00e7\u00e3o de usufruir da\u00a0estabilidade pr\u00e9-aposentadoria. De acordo com o termo de compromisso assinado entre o banco e os representantes dos trabalhadores no dia 21 de maio deste ano, os trabalhadores que estiverem eleg\u00edveis precisam enviar o documento ao RH e ao seu gestor at\u00e9 [&hellip;]<\/p>\n","protected":false},"author":2,"featured_media":9419,"comment_status":"","ping_status":"","sticky":false,"template":"","format":"standard","meta":{"footnotes":""},"categories":[3],"tags":[],"class_list":["post-9420","post","type-post","status-publish","format-standard","has-post-thumbnail","hentry","category-noticias"],"_links":{"self":[{"href":"https:\/\/hostnetart.com.br\/baixada\/wp-json\/wp\/v2\/posts\/9420","targetHints":{"allow":["GET"]}}],"collection":[{"href":"https:\/\/hostnetart.com.br\/baixada\/wp-json\/wp\/v2\/posts"}],"about":[{"href":"https:\/\/hostnetart.com.br\/baixada\/wp-json\/wp\/v2\/types\/post"}],"author":[{"embeddable":true,"href":"https:\/\/hostnetart.com.br\/baixada\/wp-json\/wp\/v2\/users\/2"}],"replies":[{"embeddable":true,"href":"https:\/\/hostnetart.com.br\/baixada\/wp-json\/wp\/v2\/comments?post=9420"}],"version-history":[{"count":0,"href":"https:\/\/hostnetart.com.br\/baixada\/wp-json\/wp\/v2\/posts\/9420\/revisions"}],"wp:featuredmedia":[{"embeddable":true,"href":"https:\/\/hostnetart.com.br\/baixada\/wp-json\/wp\/v2\/media\/9419"}],"wp:attachment":[{"href":"https:\/\/hostnetart.com.br\/baixada\/wp-json\/wp\/v2\/media?parent=9420"}],"wp:term":[{"taxonomy":"category","embeddable":true,"href":"https:\/\/hostnetart.com.br\/baixada\/wp-json\/wp\/v2\/categories?post=9420"},{"taxonomy":"post_tag","embeddable":true,"href":"https:\/\/hostnetart.com.br\/baixada\/wp-json\/wp\/v2\/tags?post=9420"}],"curies":[{"name":"wp","href":"https:\/\/api.w.org\/{rel}","templated":true}]}}