{"id":9414,"date":"2020-08-13T03:32:45","date_gmt":"2020-08-13T06:32:45","guid":{"rendered":"https:\/\/hostnetart.com.br\/baixada\/proxima-reuniao-de-negociacoes-com-o-banco-do-brasil-sera-na-6-feira-14\/"},"modified":"2020-08-13T03:32:45","modified_gmt":"2020-08-13T06:32:45","slug":"proxima-reuniao-de-negociacoes-com-o-banco-do-brasil-sera-na-6-feira-14","status":"publish","type":"post","link":"https:\/\/hostnetart.com.br\/baixada\/proxima-reuniao-de-negociacoes-com-o-banco-do-brasil-sera-na-6-feira-14\/","title":{"rendered":"Pr\u00f3xima reuni\u00e3o de negocia\u00e7\u00f5es com o Banco do Brasil ser\u00e1 na 6\u00aafeira (14)"},"content":{"rendered":"<p>A Comiss\u00e3o de Empresa dos Funcion\u00e1rios do Banco do Brasil (CEBB) e o banco realizam na sexta-feira (14), a partir das 10h, a terceira reuni\u00e3o de negocia\u00e7\u00f5es da pauta de reivindica\u00e7\u00f5es espec\u00edficas para debater sobre quest\u00f5es de sa\u00fade e condi\u00e7\u00f5es de trabalho, em busca da renova\u00e7\u00e3o do Acordo Coletivo de Trabalho (ACT) dos funcion\u00e1rios. Assim como acontece com todas as reuni\u00f5es da Campanha Nacional dos Banc\u00e1rios 2020, a reuni\u00e3o ser\u00e1 realizada por videoconfer\u00eancia.<\/p>\n<p>\u201c\u00c9 um tema central desta campanha, n\u00e3o s\u00f3 por causa da pandemia do coronav\u00edrus, mas tamb\u00e9m porque \u00e9 um debate que permeia a vida dos banc\u00e1rios, que trabalham para um dos setores que mais causam adoecimentos\u201d, ressaltou o coordenador da Comiss\u00e3o de Empresa dos Funcion\u00e1rios do Banco do Brasil (CEBB), Jo\u00e3o Fukunaga. \u201cPrecisamos debater a press\u00e3o excessiva pelo cumprimento de metas abusivas, que sempre foi um problema gerador de adoecimentos, e que se tornou ainda mais grave neste momento de pandemia\u201d, acrescentou.<\/p>\n<h3>Dados de adoecimento<\/h3>\n<p>Um levantamento do Departamento Intersindical de Estudos e Estat\u00edsticas Socioecon\u00f4micas (Dieese), com dados da Previd\u00eancia Social, comprovam que a categoria banc\u00e1ria \u00e9 uma das que mais adoece por conta do trabalho. Entre 2009 e 2013, houve um aumento de 40,4% no total de benef\u00edcios concedidos aos banc\u00e1rios, enquanto que para as demais categorias profissionais o crescimento foi de 26,2%.<\/p>\n<p>Ainda segundo dados do INSS, de 2009 a 2018 mais da metade (56%) dos afastamentos de banc\u00e1rios foram reconhecidos como doen\u00e7a do trabalho, sendo as mais comuns: depress\u00e3o, ansiedade, estresse e as LER\/Dort. As doen\u00e7as psicol\u00f3gicas foram progressivamente tornando-se prevalentes; de 2013 em diante, passaram a ser maiores que as Ler\/Dort.<\/p>\n<p>Segundo o Observat\u00f3rio de Sa\u00fade do Trabalhador, do Minist\u00e9rio P\u00fablico do Trabalho, a incid\u00eancia das doen\u00e7as mentais e tendinites entre banc\u00e1rios \u00e9 no m\u00ednimo de 3 a 4 vezes maior que a da maioria da popula\u00e7\u00e3o. O que demonstra que o fator trabalho \u00e9 crucial para essa incid\u00eancia.<\/p>\n<p>Entre 2012 e 2017 os bancos foram respons\u00e1veis por apenas 1% dos empregos criados no pa\u00eds, mas por 5% dos afastamentos por doen\u00e7a, ainda segundo o Observat\u00f3rio Digital de Sa\u00fade e Seguran\u00e7a do Trabalho.<\/p>\n<p>Mas, para Fukunaga, al\u00e9m deste cen\u00e1rio comprovadamente adoecedor, existem agravantes no Banco do Brasil, que oferece diferentes planos de sa\u00fade para os seus funcion\u00e1rios. \u201cO banco n\u00e3o unificou o servi\u00e7o para os funcion\u00e1rios de bancos incorporados\u201d, explicou.<\/p>\n<p><strong>Fonte: Contraf-CUT<\/strong><\/p>\n","protected":false},"excerpt":{"rendered":"<p>A Comiss\u00e3o de Empresa dos Funcion\u00e1rios do Banco do Brasil (CEBB) e o banco realizam na sexta-feira (14), a partir das 10h, a terceira reuni\u00e3o de negocia\u00e7\u00f5es da pauta de reivindica\u00e7\u00f5es espec\u00edficas para debater sobre quest\u00f5es de sa\u00fade e condi\u00e7\u00f5es de trabalho, em busca da renova\u00e7\u00e3o do Acordo Coletivo de Trabalho (ACT) dos funcion\u00e1rios. Assim [&hellip;]<\/p>\n","protected":false},"author":2,"featured_media":9413,"comment_status":"","ping_status":"","sticky":false,"template":"","format":"standard","meta":{"footnotes":""},"categories":[3],"tags":[],"class_list":["post-9414","post","type-post","status-publish","format-standard","has-post-thumbnail","hentry","category-noticias"],"_links":{"self":[{"href":"https:\/\/hostnetart.com.br\/baixada\/wp-json\/wp\/v2\/posts\/9414","targetHints":{"allow":["GET"]}}],"collection":[{"href":"https:\/\/hostnetart.com.br\/baixada\/wp-json\/wp\/v2\/posts"}],"about":[{"href":"https:\/\/hostnetart.com.br\/baixada\/wp-json\/wp\/v2\/types\/post"}],"author":[{"embeddable":true,"href":"https:\/\/hostnetart.com.br\/baixada\/wp-json\/wp\/v2\/users\/2"}],"replies":[{"embeddable":true,"href":"https:\/\/hostnetart.com.br\/baixada\/wp-json\/wp\/v2\/comments?post=9414"}],"version-history":[{"count":0,"href":"https:\/\/hostnetart.com.br\/baixada\/wp-json\/wp\/v2\/posts\/9414\/revisions"}],"wp:featuredmedia":[{"embeddable":true,"href":"https:\/\/hostnetart.com.br\/baixada\/wp-json\/wp\/v2\/media\/9413"}],"wp:attachment":[{"href":"https:\/\/hostnetart.com.br\/baixada\/wp-json\/wp\/v2\/media?parent=9414"}],"wp:term":[{"taxonomy":"category","embeddable":true,"href":"https:\/\/hostnetart.com.br\/baixada\/wp-json\/wp\/v2\/categories?post=9414"},{"taxonomy":"post_tag","embeddable":true,"href":"https:\/\/hostnetart.com.br\/baixada\/wp-json\/wp\/v2\/tags?post=9414"}],"curies":[{"name":"wp","href":"https:\/\/api.w.org\/{rel}","templated":true}]}}