{"id":9412,"date":"2020-08-12T19:16:34","date_gmt":"2020-08-12T22:16:34","guid":{"rendered":"https:\/\/hostnetart.com.br\/baixada\/itau-anuncia-prorrogacao-de-trabalho-remoto-ate-final-de-janeiro-de-2021\/"},"modified":"2020-08-12T19:16:34","modified_gmt":"2020-08-12T22:16:34","slug":"itau-anuncia-prorrogacao-de-trabalho-remoto-ate-final-de-janeiro-de-2021","status":"publish","type":"post","link":"https:\/\/hostnetart.com.br\/baixada\/itau-anuncia-prorrogacao-de-trabalho-remoto-ate-final-de-janeiro-de-2021\/","title":{"rendered":"Ita\u00fa anuncia prorroga\u00e7\u00e3o de trabalho remoto at\u00e9 final de janeiro de 2021"},"content":{"rendered":"<p>Em meio \u00e0 Campanha Nacional 2020, na qual o Comando Nacional dos Banc\u00e1rios prioriza a valoriza\u00e7\u00e3o da vida, os banc\u00e1rios do Ita\u00fa t\u00eam duas vit\u00f3rias a comemorar: extens\u00e3o do home office at\u00e9 o final de janeiro 2021 e a reabertura de ag\u00eancias para diminuir o fluxo pessoas nos locais.<\/p>\n<p>Em v\u00eddeo que circula nesta quarta-feira (12) pelos funcion\u00e1rios do Ita\u00fa, o presidente do banco, Candido Bracher, afirma que a volta do trabalho aos polos administrativos s\u00f3 acontecer\u00e1 ap\u00f3s o final de janeiro de 2021. Bracher revelou ainda que o banco tem estudado op\u00e7\u00f5es para definir como se dar\u00e1 esta volta, com prioridade para o trabalho remoto.<\/p>\n<p>\u201cDesde o inicio da pandemia n\u00f3s defendemos que os banc\u00e1rios que cumprir suas fun\u00e7\u00f5es remotamente, devem permanecer assim at\u00e9 que esta situa\u00e7\u00e3o se resolva, para preservar suas vidas e das pessoas com quem convivem. Esperamos que os demais bancos sigam o exemplo e tamb\u00e9m atendam nossa reivindica\u00e7\u00e3o\u201d, afirmou Juvandia Moreira, presidenta da Confedera\u00e7\u00e3o Nacional dos Trabalhadores do Ramo Financeiro (Contraf-CUT) e uma das coordenadoras do Comando Nacional.<\/p>\n<p>O Ita\u00fa anunciou ainda a reabertura de 108 ag\u00eancias para diminuir o fluxo de pessoas nesses locais. \u201cOs banc\u00e1rios est\u00e3o na linha de frente de atendimento e, por isso, colocam suas sa\u00fades em risco. Com esta amplia\u00e7\u00e3o de locais de atendimento, os clientes ter\u00e3o mais op\u00e7\u00f5es de atendimento, o que deve diminuir as aglomera\u00e7\u00f5es e a possibilidade de cont\u00e1gio\u201d, afirmou Jair Alves, coordenador da Comiss\u00e3o de Organiza\u00e7\u00e3o dos Empregados do Ita\u00fa (COE Ita\u00fa).<\/p>\n<p>O banco informou tamb\u00e9m que vai fechar 23 ag\u00eancias. \u201cOutra conquista fundamental foi a garantia de que todos os funcion\u00e1rios das ag\u00eancias fechadas ser\u00e3o realocadas. Ningu\u00e9m ser\u00e1 demitido\u201d, finalizou o coordenador da COE.<\/p>\n<p><strong>Fonte: Contraf-CUT<\/strong><\/p>\n","protected":false},"excerpt":{"rendered":"<p>Em meio \u00e0 Campanha Nacional 2020, na qual o Comando Nacional dos Banc\u00e1rios prioriza a valoriza\u00e7\u00e3o da vida, os banc\u00e1rios do Ita\u00fa t\u00eam duas vit\u00f3rias a comemorar: extens\u00e3o do home office at\u00e9 o final de janeiro 2021 e a reabertura de ag\u00eancias para diminuir o fluxo pessoas nos locais. Em v\u00eddeo que circula nesta quarta-feira [&hellip;]<\/p>\n","protected":false},"author":2,"featured_media":9411,"comment_status":"","ping_status":"","sticky":false,"template":"","format":"standard","meta":{"footnotes":""},"categories":[3],"tags":[],"class_list":["post-9412","post","type-post","status-publish","format-standard","has-post-thumbnail","hentry","category-noticias"],"_links":{"self":[{"href":"https:\/\/hostnetart.com.br\/baixada\/wp-json\/wp\/v2\/posts\/9412","targetHints":{"allow":["GET"]}}],"collection":[{"href":"https:\/\/hostnetart.com.br\/baixada\/wp-json\/wp\/v2\/posts"}],"about":[{"href":"https:\/\/hostnetart.com.br\/baixada\/wp-json\/wp\/v2\/types\/post"}],"author":[{"embeddable":true,"href":"https:\/\/hostnetart.com.br\/baixada\/wp-json\/wp\/v2\/users\/2"}],"replies":[{"embeddable":true,"href":"https:\/\/hostnetart.com.br\/baixada\/wp-json\/wp\/v2\/comments?post=9412"}],"version-history":[{"count":0,"href":"https:\/\/hostnetart.com.br\/baixada\/wp-json\/wp\/v2\/posts\/9412\/revisions"}],"wp:featuredmedia":[{"embeddable":true,"href":"https:\/\/hostnetart.com.br\/baixada\/wp-json\/wp\/v2\/media\/9411"}],"wp:attachment":[{"href":"https:\/\/hostnetart.com.br\/baixada\/wp-json\/wp\/v2\/media?parent=9412"}],"wp:term":[{"taxonomy":"category","embeddable":true,"href":"https:\/\/hostnetart.com.br\/baixada\/wp-json\/wp\/v2\/categories?post=9412"},{"taxonomy":"post_tag","embeddable":true,"href":"https:\/\/hostnetart.com.br\/baixada\/wp-json\/wp\/v2\/tags?post=9412"}],"curies":[{"name":"wp","href":"https:\/\/api.w.org\/{rel}","templated":true}]}}