{"id":941,"date":"2014-04-01T00:00:00","date_gmt":"2014-04-01T03:00:00","guid":{"rendered":"https:\/\/hostnetart.com.br\/baixada\/cut-nasceu-combatendo-a-ditadura-e-lutando-pela-abertura-democratica\/"},"modified":"2014-04-01T00:00:00","modified_gmt":"2014-04-01T03:00:00","slug":"cut-nasceu-combatendo-a-ditadura-e-lutando-pela-abertura-democratica","status":"publish","type":"post","link":"https:\/\/hostnetart.com.br\/baixada\/cut-nasceu-combatendo-a-ditadura-e-lutando-pela-abertura-democratica\/","title":{"rendered":"CUT nasceu combatendo a ditadura e lutando pela abertura democr\u00e1tica"},"content":{"rendered":"<p>A Central \u00danica dos Trabalhadores (CUT) se construiu no combate a ditadura militar que vigorou no nosso pa\u00eds durante 21 anos (1964 \u2013 1985). Durante aquele per\u00edodo n\u00e3o havia liberdade de organiza\u00e7\u00e3o e express\u00e3o, sindicatos eram invadidos, sofriam interven\u00e7\u00f5es, diretorias eram cassadas, trabalhadores e trabalhadoras eram perseguidos\/as, presos\/as, torturados\/as e muitos\/as foram assassinado\/as.<\/p>\n<p>Os militares golpistas e grandes empres\u00e1rios tamb\u00e9m impuseram toda uma legisla\u00e7\u00e3o que acabou com estabilidade no emprego, provocou arrocho salarial, concentra\u00e7\u00e3o de renda, expuls\u00e3o dos trabalhadores\/as do campo, crescimento desordenado das cidades e aumento da pobreza.<\/p>\n<p>Agora, depois de 50 anos, foi institu\u00edda a Comiss\u00e3o Nacional da Verdade (CNV) que tem entre os seus objetivos investigar os crimes da ditadura militar. No \u00e2mbito da CNV funciona o Grupo de Trabalho (GT) Ditadura e Repress\u00e3o aos Trabalhadores e ao Movimento Sindical. Este GT tem ativa participa\u00e7\u00e3o da CUT por meio da nossa Comiss\u00e3o Nacional da Mem\u00f3ria, Verdade e Justi\u00e7a, que apoia os seus trabalhos.<\/p>\n<p>A Comiss\u00e3o da Mem\u00f3ria da CUT organizou atos para ouvir depoimentos e denunciar os crimes do regime militar. Tamb\u00e9m tem colaborado com as pesquisas documentais no sentido de apoiar a busca por verdade, mem\u00f3ria, justi\u00e7a e repara\u00e7\u00e3o.<\/p>\n<p>Neste dia 31 de mar\u00e7o, o golpe militar que instalou a ditadura completa 50 anos e temos que aproveitar este momento para dizer \u201cDitadura Nunca Mais\u201d. A CUT orienta suas entidades filiadas a participarem de todos os atos e atividades que lembram e denunciam os crimes e os desmandos do regime militar.<\/p>\n<p>Devemos tamb\u00e9m aproveitar este momento para discutirmos e mostrarmos as marcas, a heran\u00e7a, que o regime militar deixou em v\u00e1rios aspectos da vida social brasileira. Precisamos transformar e superar essas marcas, rumo a uma sociedade justa e igualit\u00e1ria.<\/p>\n<p><strong>DITADURA NUNCA MAIS!<\/strong><\/p>\n<p>Vagner Freitas<br \/>Presidente<\/p>\n<p>S\u00e9rgio Nobre<br \/>Secret\u00e1rio-Geral<\/p>\n<p>Expedito Solaney<br \/>Secret\u00e1rio de Pol\u00edticas Sociais<\/p>\n<p>Fonte: CUT Nacional<\/p>\n","protected":false},"excerpt":{"rendered":"<p>A Central \u00danica dos Trabalhadores (CUT) se construiu no combate a ditadura militar que vigorou no nosso pa\u00eds durante 21 anos (1964 \u2013 1985). Durante aquele per\u00edodo n\u00e3o havia liberdade de organiza\u00e7\u00e3o e express\u00e3o, sindicatos eram invadidos, sofriam interven\u00e7\u00f5es, diretorias eram cassadas, trabalhadores e trabalhadoras eram perseguidos\/as, presos\/as, torturados\/as e muitos\/as foram assassinado\/as. Os militares [&hellip;]<\/p>\n","protected":false},"author":1,"featured_media":0,"comment_status":"","ping_status":"","sticky":false,"template":"","format":"standard","meta":{"footnotes":""},"categories":[3],"tags":[],"class_list":["post-941","post","type-post","status-publish","format-standard","hentry","category-noticias"],"_links":{"self":[{"href":"https:\/\/hostnetart.com.br\/baixada\/wp-json\/wp\/v2\/posts\/941","targetHints":{"allow":["GET"]}}],"collection":[{"href":"https:\/\/hostnetart.com.br\/baixada\/wp-json\/wp\/v2\/posts"}],"about":[{"href":"https:\/\/hostnetart.com.br\/baixada\/wp-json\/wp\/v2\/types\/post"}],"author":[{"embeddable":true,"href":"https:\/\/hostnetart.com.br\/baixada\/wp-json\/wp\/v2\/users\/1"}],"replies":[{"embeddable":true,"href":"https:\/\/hostnetart.com.br\/baixada\/wp-json\/wp\/v2\/comments?post=941"}],"version-history":[{"count":0,"href":"https:\/\/hostnetart.com.br\/baixada\/wp-json\/wp\/v2\/posts\/941\/revisions"}],"wp:attachment":[{"href":"https:\/\/hostnetart.com.br\/baixada\/wp-json\/wp\/v2\/media?parent=941"}],"wp:term":[{"taxonomy":"category","embeddable":true,"href":"https:\/\/hostnetart.com.br\/baixada\/wp-json\/wp\/v2\/categories?post=941"},{"taxonomy":"post_tag","embeddable":true,"href":"https:\/\/hostnetart.com.br\/baixada\/wp-json\/wp\/v2\/tags?post=941"}],"curies":[{"name":"wp","href":"https:\/\/api.w.org\/{rel}","templated":true}]}}