{"id":9408,"date":"2020-08-12T16:41:57","date_gmt":"2020-08-12T19:41:57","guid":{"rendered":"https:\/\/hostnetart.com.br\/baixada\/mercantil-aumenta-metas-para-venda-de-seguros-em-plena-pandemia\/"},"modified":"2020-08-12T16:41:57","modified_gmt":"2020-08-12T19:41:57","slug":"mercantil-aumenta-metas-para-venda-de-seguros-em-plena-pandemia","status":"publish","type":"post","link":"https:\/\/hostnetart.com.br\/baixada\/mercantil-aumenta-metas-para-venda-de-seguros-em-plena-pandemia\/","title":{"rendered":"Mercantil aumenta metas para venda de seguros em plena pandemia"},"content":{"rendered":"<p>Em plena pandemia, banc\u00e1rias e banc\u00e1rios do Mercantil de diferentes ag\u00eancias de todo o pa\u00eds est\u00e3o procurando os sindicatos para denunciar as cobran\u00e7as abusivas e a press\u00e3o por parte da \u00e1rea comercial do banco para cobrar um seguro de vida chamado \u201cSeguro Mais Prote\u00e7\u00e3o\u201d.<\/p>\n<p>De acordo com as den\u00fancias, isso vem acontecendo sem o conhecimento e o consentimento dos clientes, na maioria das vezes aposentados e pensionistas do INSS, com pouca ou nenhuma instru\u00e7\u00e3o, o que \u00e9 uma pr\u00e1tica considerada abusiva e ilegal pelo C\u00f3digo de Defesa do Consumidor (CDC).<\/p>\n<p>Segundo as den\u00fancias, a exig\u00eancia do Mercantil \u00e9 que cada funcion\u00e1rio digite sua matr\u00edcula e senha antes do atendimento aos clientes. Caso haja reclama\u00e7\u00f5es por parte dos clientes por causa do seguro n\u00e3o solicitado, o Mercantil se isenta e passa toda a responsabilidade para o banc\u00e1rio que foi obrigado a repassar o produto sob amea\u00e7a de demiss\u00f5es.<\/p>\n<p>De acordo com as den\u00fancias, os funcion\u00e1rios do Mercantil do Brasil est\u00e3o sendo cobrados praticamente de hora em hora atrav\u00e9s de v\u00eddeos, \u00e1udios e liga\u00e7\u00f5es para n\u00famero privado. Segundo os banc\u00e1rios, as cobran\u00e7as s\u00e3o feitas de forma agressiva e constante, o que eleva o estresse e o adoecimento. Segundo relatos, funcion\u00e1rios est\u00e3o tendo pesadelos por causa da grande press\u00e3o para a venda de seguros.<\/p>\n<p>Al\u00e9m disto, o Mercantil do Brasil foi um dos primeiros bancos a iniciar as demiss\u00f5es de trabalhadores, no dia 6 de junho, processo que s\u00f3 foi estancado ap\u00f3s interven\u00e7\u00e3o do movimento sindical junto ao Minist\u00e9rio P\u00fablico do Trabalho (MPT) de Minas Gerais, que resultou em um acordo nacional de n\u00e3o demiss\u00e3o at\u00e9 31 de agosto pr\u00f3ximo.<\/p>\n<p>Os sindicatos e trabalhadores do Mercantil reivindicam que n\u00e3o haja cobran\u00e7a de metas durante a pandemia de Covid-19. \u201cO compromisso de n\u00e3o demiss\u00e3o, at\u00e9 31 de agosto, era para trazer mais seguran\u00e7a e tranquilidade para os funcion\u00e1rios, mas o ass\u00e9dio moral e a press\u00e3o absurda da \u00e1rea comercial do banco est\u00e3o tirando o sono dos trabalhadores. Razoabilidade, bom senso e respeito est\u00e3o bem longe das pr\u00e1ticas de gest\u00e3o adotadas pelo Mercantil do Brasil\u201d, disse o coordenador nacional da Comiss\u00e3o de Organiza\u00e7\u00e3o dos Empregados (COE) do Mercantil do Brasil, Marco Aur\u00e9lio Alves.<\/p>\n<p>Segundo Vanderci Ant\u00f4nio da Silva, funcion\u00e1rio do Mercantil e diretor do Sindicato dos Banc\u00e1rios de Belo Horizonte e Regi\u00e3o, funcion\u00e1rios denunciam que est\u00e3o sendo cobrados inconsequentemente para a venda do seguro, sem o consentimento dos clientes, e sofrendo v\u00e1rias formas de coa\u00e7\u00f5es e amea\u00e7as como, por exemplo, que ap\u00f3s o dia 31 de agosto, quem n\u00e3o atingir as metas estar\u00e1 entre os primeiros a serem demitidos. \u201cA press\u00e3o psicol\u00f3gica \u00e9 enorme e v\u00e1rios funcion\u00e1rios j\u00e1 nos relataram que n\u00e3o est\u00e3o conseguindo aguentar mais. Com essas metas absurdas, o Mercantil do Brasil est\u00e1 ferindo os preceitos constitucionais que asseguram o trabalho decente, a sa\u00fade, a vida digna e a redu\u00e7\u00e3o dos riscos inerentes aos trabalhadores\u201d, ressaltou.<\/p>\n<p><strong>Fonte:<\/strong>\u00a0<strong>Seeb\/BH, com edi\u00e7\u00f5es da Contraf-CUT<\/strong><\/p>\n","protected":false},"excerpt":{"rendered":"<p>Em plena pandemia, banc\u00e1rias e banc\u00e1rios do Mercantil de diferentes ag\u00eancias de todo o pa\u00eds est\u00e3o procurando os sindicatos para denunciar as cobran\u00e7as abusivas e a press\u00e3o por parte da \u00e1rea comercial do banco para cobrar um seguro de vida chamado \u201cSeguro Mais Prote\u00e7\u00e3o\u201d. De acordo com as den\u00fancias, isso vem acontecendo sem o conhecimento [&hellip;]<\/p>\n","protected":false},"author":2,"featured_media":9407,"comment_status":"","ping_status":"","sticky":false,"template":"","format":"standard","meta":{"footnotes":""},"categories":[3],"tags":[],"class_list":["post-9408","post","type-post","status-publish","format-standard","has-post-thumbnail","hentry","category-noticias"],"_links":{"self":[{"href":"https:\/\/hostnetart.com.br\/baixada\/wp-json\/wp\/v2\/posts\/9408","targetHints":{"allow":["GET"]}}],"collection":[{"href":"https:\/\/hostnetart.com.br\/baixada\/wp-json\/wp\/v2\/posts"}],"about":[{"href":"https:\/\/hostnetart.com.br\/baixada\/wp-json\/wp\/v2\/types\/post"}],"author":[{"embeddable":true,"href":"https:\/\/hostnetart.com.br\/baixada\/wp-json\/wp\/v2\/users\/2"}],"replies":[{"embeddable":true,"href":"https:\/\/hostnetart.com.br\/baixada\/wp-json\/wp\/v2\/comments?post=9408"}],"version-history":[{"count":0,"href":"https:\/\/hostnetart.com.br\/baixada\/wp-json\/wp\/v2\/posts\/9408\/revisions"}],"wp:featuredmedia":[{"embeddable":true,"href":"https:\/\/hostnetart.com.br\/baixada\/wp-json\/wp\/v2\/media\/9407"}],"wp:attachment":[{"href":"https:\/\/hostnetart.com.br\/baixada\/wp-json\/wp\/v2\/media?parent=9408"}],"wp:term":[{"taxonomy":"category","embeddable":true,"href":"https:\/\/hostnetart.com.br\/baixada\/wp-json\/wp\/v2\/categories?post=9408"},{"taxonomy":"post_tag","embeddable":true,"href":"https:\/\/hostnetart.com.br\/baixada\/wp-json\/wp\/v2\/tags?post=9408"}],"curies":[{"name":"wp","href":"https:\/\/api.w.org\/{rel}","templated":true}]}}