{"id":9404,"date":"2020-08-12T16:41:06","date_gmt":"2020-08-12T19:41:06","guid":{"rendered":"https:\/\/hostnetart.com.br\/baixada\/plenaria-discute-campanha-nacional-nesta-quinta-feira-13\/"},"modified":"2020-08-12T16:41:06","modified_gmt":"2020-08-12T19:41:06","slug":"plenaria-discute-campanha-nacional-nesta-quinta-feira-13","status":"publish","type":"post","link":"https:\/\/hostnetart.com.br\/baixada\/plenaria-discute-campanha-nacional-nesta-quinta-feira-13\/","title":{"rendered":"Plen\u00e1ria discute Campanha Nacional nesta quinta-feira (13)"},"content":{"rendered":"<div class=\"elementor-element elementor-element-194680ec elementor-widget elementor-widget-theme-post-content\" data-id=\"194680ec\" data-element_type=\"widget\" data-widget_type=\"theme-post-content.default\">\n<div class=\"elementor-widget-container\">\n<p>Nesta quinta-feira (13), \u00e0s 19h, vai ter a Plen\u00e1ria Virtual da Campanha Nacional\u00a0d@s\u00a0Banc\u00e1ri@s.\u00a0A plen\u00e1ria \u00e9 promovida pela Federa\u00e7\u00e3o dos Trabalhadores em Empresas de Cr\u00e9dito do Paran\u00e1 (Fetec-CUT\/PR). V\u00e3o falar sobre a campanha a presidenta da Confedera\u00e7\u00e3o Nacional dos Trabalhadores do Ramo Financeiro (Contraf-CUT), Juvandia Moreira; o presidente da Fetec- CUT PR, Deonisio Schmidt, e o presidente do Sindicato dos Banc\u00e1rios de Curitiba, Ant\u00f4nio Fermino.<\/p>\n<p>Pandemia e Trabalho ser\u00e1 o tema abordado por Marcio Kieller, presidente da Central \u00danica dos Trabalhadores do Paran\u00e1 (CUT-PR), e pelo assessor jur\u00eddico Nasser Allan. O tema Bancos P\u00fablicos ser\u00e1 desenvolvido pela representante do Banco do Brasil nas negocia\u00e7\u00f5es da Campanha Nacional, Ana Smolka, e pelo representante da Caixa Econ\u00f4mica Federal, Zel\u00e1rio Bremm.<\/p>\n<p>A atra\u00e7\u00e3o cultural da plen\u00e1ria ser\u00e3o as apresenta\u00e7\u00f5es de Chico C\u00e9sar e da Ventura Power Band. N\u00e3o perca! A plen\u00e1ria ser\u00e1 feita no Zoom Webinar e as inscri\u00e7\u00f5es est\u00e3o abertas.<\/p>\n<p>Para participar da plen\u00e1ria virtual, \u00e9 preciso se inscrever previamente no link https:\/\/forms.gle\/TKiQCqrHk7cP8Qiq7. No dia 13 de agosto, os inscritos receber\u00e3o no e-mail informado na inscri\u00e7\u00e3o o link para acessar a plataforma Zoom Webinar, em que ser\u00e1 realizado o evento. As inscri\u00e7\u00f5es s\u00e3o limitadas.<\/p>\n<p><strong><span class=\"elementor-icon-list-text elementor-post-info__item elementor-post-info__item--type-terms\">Fonte: Contraf-CUT<\/span><\/strong><\/p>\n<\/div>\n<\/div>\n","protected":false},"excerpt":{"rendered":"<p>Nesta quinta-feira (13), \u00e0s 19h, vai ter a Plen\u00e1ria Virtual da Campanha Nacional\u00a0d@s\u00a0Banc\u00e1ri@s.\u00a0A plen\u00e1ria \u00e9 promovida pela Federa\u00e7\u00e3o dos Trabalhadores em Empresas de Cr\u00e9dito do Paran\u00e1 (Fetec-CUT\/PR). V\u00e3o falar sobre a campanha a presidenta da Confedera\u00e7\u00e3o Nacional dos Trabalhadores do Ramo Financeiro (Contraf-CUT), Juvandia Moreira; o presidente da Fetec- CUT PR, Deonisio Schmidt, e o [&hellip;]<\/p>\n","protected":false},"author":2,"featured_media":9403,"comment_status":"","ping_status":"","sticky":false,"template":"","format":"standard","meta":{"footnotes":""},"categories":[3],"tags":[],"class_list":["post-9404","post","type-post","status-publish","format-standard","has-post-thumbnail","hentry","category-noticias"],"_links":{"self":[{"href":"https:\/\/hostnetart.com.br\/baixada\/wp-json\/wp\/v2\/posts\/9404","targetHints":{"allow":["GET"]}}],"collection":[{"href":"https:\/\/hostnetart.com.br\/baixada\/wp-json\/wp\/v2\/posts"}],"about":[{"href":"https:\/\/hostnetart.com.br\/baixada\/wp-json\/wp\/v2\/types\/post"}],"author":[{"embeddable":true,"href":"https:\/\/hostnetart.com.br\/baixada\/wp-json\/wp\/v2\/users\/2"}],"replies":[{"embeddable":true,"href":"https:\/\/hostnetart.com.br\/baixada\/wp-json\/wp\/v2\/comments?post=9404"}],"version-history":[{"count":0,"href":"https:\/\/hostnetart.com.br\/baixada\/wp-json\/wp\/v2\/posts\/9404\/revisions"}],"wp:featuredmedia":[{"embeddable":true,"href":"https:\/\/hostnetart.com.br\/baixada\/wp-json\/wp\/v2\/media\/9403"}],"wp:attachment":[{"href":"https:\/\/hostnetart.com.br\/baixada\/wp-json\/wp\/v2\/media?parent=9404"}],"wp:term":[{"taxonomy":"category","embeddable":true,"href":"https:\/\/hostnetart.com.br\/baixada\/wp-json\/wp\/v2\/categories?post=9404"},{"taxonomy":"post_tag","embeddable":true,"href":"https:\/\/hostnetart.com.br\/baixada\/wp-json\/wp\/v2\/tags?post=9404"}],"curies":[{"name":"wp","href":"https:\/\/api.w.org\/{rel}","templated":true}]}}