{"id":9402,"date":"2020-08-12T16:40:09","date_gmt":"2020-08-12T19:40:09","guid":{"rendered":"https:\/\/hostnetart.com.br\/baixada\/segunda-reuniao-de-negociacao-do-act-caixa-acontece-nesta-quarta-12\/"},"modified":"2020-08-12T16:40:09","modified_gmt":"2020-08-12T19:40:09","slug":"segunda-reuniao-de-negociacao-do-act-caixa-acontece-nesta-quarta-12","status":"publish","type":"post","link":"https:\/\/hostnetart.com.br\/baixada\/segunda-reuniao-de-negociacao-do-act-caixa-acontece-nesta-quarta-12\/","title":{"rendered":"Segunda reuni\u00e3o de negocia\u00e7\u00e3o do ACT Caixa acontece nesta quarta (12)"},"content":{"rendered":"<p>A Comiss\u00e3o Executiva dos Empregados da Caixa (CEE\/Caixa) se re\u00fane nesta quarta-feira (12), \u00e0s 11h30, com a dire\u00e7\u00e3o da Caixa para a negocia\u00e7\u00e3o da Campanha Nacional 2020. Por meio de videoconfer\u00eancia, a segunda reuni\u00e3o ir\u00e1 debater Sa\u00fade e Seguran\u00e7a, um dos eixos de reivindica\u00e7\u00f5es definidas no 36\u00ba Congresso Nacional dos Empregados da Caixa Econ\u00f4mica Federal (Conecef).<\/p>\n<p>A sa\u00fade tem sido um assunto priorit\u00e1rio para os empregados, principalmente neste cen\u00e1rio de pandemia. Cobran\u00e7as de metas abusivas, ass\u00e9dio moral para a volta ao trabalho presencial, condi\u00e7\u00f5es de trabalho em casa e os direitos s\u00e3o quest\u00f5es que estar\u00e3o em debate.<\/p>\n<p>\u201cRecebemos v\u00e1rios relatos de empregados exaustos e doentes por conta das jornadas extenuantes ou pelas cobran\u00e7as que a Caixa tem feito. Precisamos preservar a sa\u00fade e seguran\u00e7a dos trabalhadores, essa \u00e9 uma mesa bem importante\u201d, avaliou coordenadora da CEE\/ Caixa e secret\u00e1ria da Cultura da Confedera\u00e7\u00e3o Nacional dos Trabalhadores do Ramo Financeiro (Contraf-CUT), Fabiana Uehara Proscholdt.<\/p>\n<p>Segundo o presidente da Federa\u00e7\u00e3o Nacional das Associa\u00e7\u00f5es do Pessoal da Caixa Econ\u00f4mica Federal (Fenae), S\u00e9rgio Takemoto, a rotina dos empregados est\u00e1 sendo ca\u00f3tica com jornadas extenuantes e cobran\u00e7as de metas. \u201cH\u00e1 relatos de trabalhadores que est\u00e3o com a sa\u00fade mental afetada, al\u00e9m das jornadas extenuantes. H\u00e1 trabalhadores que est\u00e3o se sentindo deprimidos. A Caixa precisa negociar\u201d, destacou o presidente.<\/p>\n<h3>Adoecimento da categoria<\/h3>\n<p>O adoecimento dos trabalhadores tem crescido nos \u00faltimos anos. Segundo uma pesquisa feita pela Contraf-CUT com quase 30 mil banc\u00e1rios, para mais da metade dos entrevistados (54,1%), o cansa\u00e7o e a fadiga constante s\u00e3o resultados da cobran\u00e7a excessiva pelo cumprimento de metas. A crise de ansiedade foi apontada por 51,6% como impacto na sa\u00fade.<\/p>\n<p>Outros efeitos do trabalho exaustivo identificados na consulta foram dificuldade para dormir (39,3%); crises constantes de dor de cabe\u00e7a (24,2%), e dores de est\u00f4mago e gastrite (24,1%). Mais de um ter\u00e7o dos banc\u00e1rios (35%) recorrem a antidepressivos, ansiol\u00edticos ou estimulantes para se medicarem.<\/p>\n<p>A sa\u00fade mental dos empregados tamb\u00e9m tem sido afetada nesta pandemia. Antes da Covid-19, uma pesquisa encomendada pela Federa\u00e7\u00e3o Nacional das Associa\u00e7\u00f5es do Pessoal da Caixa Econ\u00f4mica Federal (Fenae) \u00e0 Universidade de Bras\u00edlia (UnB)apontou que mais da metade dos empregados do banco (53,6%) disse ter passado por ao menos um epis\u00f3dio de ass\u00e9dio moral e 20% dos trabalhadores ativos entrevistados revelaram ter depress\u00e3o ou ansiedade.<\/p>\n<p>Para a professora titular de psicologia da UNB, Ana Magn\u00f3lia, que assessora a Fenae no projeto de Sa\u00fade Mental \u201cN\u00e3o Sofra Sozinho\u201d a pandemia pode intensificar as ang\u00fastias. \u201cEsses trabalhadores devem ser assistidos e devemos lutar para garantir seu tratamento\u201d, afirmou.<\/p>\n<h3>Calend\u00e1rio de Reuni\u00f5es da mesa espec\u00edfica da Caixa<\/h3>\n<p>12\/08 \u2013 Tem\u00e1tica: Sa\u00fade e Seguran\u00e7a<br \/>17\/08 \u2013 Tem\u00e1tica: Igualdade e Cl\u00e1usulas Sociais<br \/>19\/08 \u2013 Tem\u00e1tica: Cl\u00e1usulas Sociais<\/p>\n<p>\u00a0<\/p>\n<p><strong>Fonte: Contraf-CUT<\/strong><\/p>\n","protected":false},"excerpt":{"rendered":"<p>A Comiss\u00e3o Executiva dos Empregados da Caixa (CEE\/Caixa) se re\u00fane nesta quarta-feira (12), \u00e0s 11h30, com a dire\u00e7\u00e3o da Caixa para a negocia\u00e7\u00e3o da Campanha Nacional 2020. Por meio de videoconfer\u00eancia, a segunda reuni\u00e3o ir\u00e1 debater Sa\u00fade e Seguran\u00e7a, um dos eixos de reivindica\u00e7\u00f5es definidas no 36\u00ba Congresso Nacional dos Empregados da Caixa Econ\u00f4mica Federal [&hellip;]<\/p>\n","protected":false},"author":2,"featured_media":9401,"comment_status":"","ping_status":"","sticky":false,"template":"","format":"standard","meta":{"footnotes":""},"categories":[3],"tags":[],"class_list":["post-9402","post","type-post","status-publish","format-standard","has-post-thumbnail","hentry","category-noticias"],"_links":{"self":[{"href":"https:\/\/hostnetart.com.br\/baixada\/wp-json\/wp\/v2\/posts\/9402","targetHints":{"allow":["GET"]}}],"collection":[{"href":"https:\/\/hostnetart.com.br\/baixada\/wp-json\/wp\/v2\/posts"}],"about":[{"href":"https:\/\/hostnetart.com.br\/baixada\/wp-json\/wp\/v2\/types\/post"}],"author":[{"embeddable":true,"href":"https:\/\/hostnetart.com.br\/baixada\/wp-json\/wp\/v2\/users\/2"}],"replies":[{"embeddable":true,"href":"https:\/\/hostnetart.com.br\/baixada\/wp-json\/wp\/v2\/comments?post=9402"}],"version-history":[{"count":0,"href":"https:\/\/hostnetart.com.br\/baixada\/wp-json\/wp\/v2\/posts\/9402\/revisions"}],"wp:featuredmedia":[{"embeddable":true,"href":"https:\/\/hostnetart.com.br\/baixada\/wp-json\/wp\/v2\/media\/9401"}],"wp:attachment":[{"href":"https:\/\/hostnetart.com.br\/baixada\/wp-json\/wp\/v2\/media?parent=9402"}],"wp:term":[{"taxonomy":"category","embeddable":true,"href":"https:\/\/hostnetart.com.br\/baixada\/wp-json\/wp\/v2\/categories?post=9402"},{"taxonomy":"post_tag","embeddable":true,"href":"https:\/\/hostnetart.com.br\/baixada\/wp-json\/wp\/v2\/tags?post=9402"}],"curies":[{"name":"wp","href":"https:\/\/api.w.org\/{rel}","templated":true}]}}