{"id":9400,"date":"2020-08-12T16:32:26","date_gmt":"2020-08-12T19:32:26","guid":{"rendered":"https:\/\/hostnetart.com.br\/baixada\/bancari-s-nao-aceitam-retirada-de-direitos-tentada-pela-fenaban\/"},"modified":"2020-08-12T16:32:26","modified_gmt":"2020-08-12T19:32:26","slug":"bancari-s-nao-aceitam-retirada-de-direitos-tentada-pela-fenaban","status":"publish","type":"post","link":"https:\/\/hostnetart.com.br\/baixada\/bancari-s-nao-aceitam-retirada-de-direitos-tentada-pela-fenaban\/","title":{"rendered":"Banc\u00e1ri@s n\u00e3o aceitam retirada de direitos tentada pela Fenaban"},"content":{"rendered":"<p>O Comando Nacional\u00a0d@s\u00a0Banc\u00e1ri@s\u00a0voltou a negociar nesta ter\u00e7a-feira (11) com os representantes da Federa\u00e7\u00e3o nacional dos Bancos (Fenaban). O tema foi Sa\u00fade e Condi\u00e7\u00f5es de Trabalho. Enquanto os representantes da categoria apresentaram propostas para enfrentar os problemas de sa\u00fade dos banc\u00e1rios, provocados pelas condi\u00e7\u00f5es de trabalho, metas abusivas e a amea\u00e7a da pandemia, a Fenaban defendeu a retirada de direitos conquistados.<\/p>\n<p>As propostas apresentadas pelo Comando foram baseadas em consulta nacional feita este ano com quase 30 mil banc\u00e1ri@s.\u00a0Cansa\u00e7o e fadiga produzidas por metas abusivas, cobran\u00e7as excessivas, ansiedade, dores de cabe\u00e7a e outros males t\u00eam se agravado ao logo do tempo entre @s banc\u00e1ri@s.<\/p>\n<p>\u201cEstamos preocupados, com o adoecimento da categoria. N\u00e3o d\u00e1 para falar desse tema sem falar da pandemia, da crise sanit\u00e1ria que n\u00e3o tem dia para acabar porque n\u00e3o tem uma vacina ainda\u201d, afirmou a presidenta da Confedera\u00e7\u00e3o Nacional dos Trabalhadores do Ramo Financeiro (Contraf-CUT), Juvandia Moreira, coordenadora do Comando Nacional. Entre as propostas apresentadas est\u00e1 a de que banc\u00e1ri@s\u00a0que coabitam com parentes de grupos de risco trabalhem em regime de home office (teletrabalho). Na reuni\u00e3o tamb\u00e9m foi proposto pelo Comando que os bancos realizem testes do covid para todos os funcion\u00e1rios que est\u00e3o em trabalho presencial.<\/p>\n<h2>Doen\u00e7as<\/h2>\n<p>As metas abusivas foram apresentadas pelos representantes da categoria como respons\u00e1veis por in\u00fameras doen\u00e7as, conforme dados da consulta feita entre os trabalhadores. Mais da metade dos entrevistados sofriam de cansa\u00e7o e fadiga constante, resultado da cobran\u00e7a excessiva pelo cumprimento de metas. A maioria tamb\u00e9m padecia de crise de ansiedade.<\/p>\n<p>Mesmo com o quadro de adoecimento da categoria, os representantes dos bancos se mostraram pouco dispostos a aceitar as propostas. Sobre o teletrabalho para banc\u00e1rios que convivem com parentes de grupos de risco, os representantes da Fenaban disseram preferir n\u00e3o criar uma regra padr\u00e3o sobre a quest\u00e3o. \u201cO pessoal do grupo de risco tem que ficar em casa. Se algu\u00e9m convive com eles, essa pessoa n\u00e3o pode estar exposta. Queremos preservar a vida dos familiares dos banc\u00e1ri@s\u201d, disse Juvandia na negocia\u00e7\u00e3o.<\/p>\n<h2>Retirada de direitos<\/h2>\n<p>Os representantes dos bancos tamb\u00e9m apresentaram propostas que significam, na pr\u00e1tica, a retirada de direitos da categoria banc\u00e1ria. Uma delas \u00e9 reduzir de 120 para 90 dias o pagamento de benef\u00edcio emergencial de sal\u00e1rio pelos bancos para os funcion\u00e1rios, enquanto o banc\u00e1rio recorre de alta indevida pelo INSS. Outro retrocesso proposto pela Fenaban foi a volta do rankeamento dos trabalhadores, com a divulga\u00e7\u00e3o dos \u201cmelhores\u201d funcion\u00e1rios. A Conven\u00e7\u00e3o Coletiva de Trabalho (CCT) pro\u00edbe a divulga\u00e7\u00e3o de ranking por causar o constrangimento, ass\u00e9dio moral e press\u00e3o no ambiente de trabalho.<\/p>\n<p>Outra clausula da CCT que a Fenaban quer mudar \u00e9 a que regula a complementa\u00e7\u00e3o salarial em caso de afastamento para tratamento quando\u00a0 o benef\u00edcio seja menor que o sal\u00e1rio. At\u00e9 agora, o funcion\u00e1rio pode ter essa complementa\u00e7\u00e3o por 24 meses. A proposta da Fenaban \u00e9 de que passe a ter uma car\u00eancia de 12 meses entre um afastamento e outro, para que seja pago a complementa\u00e7\u00e3o (retornando ao trabalho). \u201cEst\u00e1vamos querendo apenas mudar a reda\u00e7\u00e3o da cl\u00e1usula 57 para adequar \u00e0 nova realidade do INSS, para atualiz\u00e1-la e eles vieram com esse \u2018contrabando\u2019. Eles querem se livrar dos doentes\u201d, afirmou o diretor de Sa\u00fade do Trabalhador da Contraf-CUT, Mauro Salles.<\/p>\n<h2>Tentativa de mudan\u00e7as<\/h2>\n<p>Para Juvandia Moreira, nas \u00faltimas campanhas salariais a Fenaban tenta piorar essas cl\u00e1usulas. \u201cEles n\u00e3o est\u00e3o olhando para a sa\u00fade dos banc\u00e1ri@s\u00a0s\u00f3 v\u00eaem o custo. Querem retirar direitos das pessoas que est\u00e3o doentes. A negocia\u00e7\u00e3o n\u00e3o foi boa. A gente vai insistir que tenha teste para todos, proteger a fam\u00edlia dos banc\u00e1ri@s\u00a0que coabitam com grupo de risco\u201d disse a presidenta da Contraf-CUT.<\/p>\n<p>Outra preocupa\u00e7\u00e3o do Comando foi com a suspens\u00e3o dos exames peri\u00f3dicos em casos de afastamento por motivos de sa\u00fade ou por homologa\u00e7\u00e3o.<\/p>\n<p>Os representantes da Fenaban disseram que a suspens\u00e3o \u00e9 para evitar o cont\u00e1gio na pandemia. \u201cTem bancos chamando os banc\u00e1rios de volta ao trabalho presencial. N\u00e3o tem problema de contamina\u00e7\u00e3o? Tenho v\u00e1rios colegas que est\u00e3o sendo amea\u00e7ados por abandono de emprego porque n\u00e3o t\u00eam exame de retorno\u201d, falou Mauro Salles.<\/p>\n<p>Ao final, a negocia\u00e7\u00e3o desta ter\u00e7a-feira mostrou que a categoria banc\u00e1ria precisa se unir para fortalecer a negocia\u00e7\u00e3o com a Fenaban. \u201cN\u00e3o vamos aceitar retirada de direitos. N\u00e3o tem cabimento isso, com pessoas que est\u00e3o adoecidas. @s banc\u00e1ri@s\u00a0n\u00e3o v\u00e3o aceitar\u201d, afirmou Juvandia.<\/p>\n<p><strong>Fonte: Contraf-CUT<\/strong><\/p>\n","protected":false},"excerpt":{"rendered":"<p>O Comando Nacional\u00a0d@s\u00a0Banc\u00e1ri@s\u00a0voltou a negociar nesta ter\u00e7a-feira (11) com os representantes da Federa\u00e7\u00e3o nacional dos Bancos (Fenaban). O tema foi Sa\u00fade e Condi\u00e7\u00f5es de Trabalho. Enquanto os representantes da categoria apresentaram propostas para enfrentar os problemas de sa\u00fade dos banc\u00e1rios, provocados pelas condi\u00e7\u00f5es de trabalho, metas abusivas e a amea\u00e7a da pandemia, a Fenaban defendeu [&hellip;]<\/p>\n","protected":false},"author":2,"featured_media":9399,"comment_status":"","ping_status":"","sticky":false,"template":"","format":"standard","meta":{"footnotes":""},"categories":[3],"tags":[],"class_list":["post-9400","post","type-post","status-publish","format-standard","has-post-thumbnail","hentry","category-noticias"],"_links":{"self":[{"href":"https:\/\/hostnetart.com.br\/baixada\/wp-json\/wp\/v2\/posts\/9400","targetHints":{"allow":["GET"]}}],"collection":[{"href":"https:\/\/hostnetart.com.br\/baixada\/wp-json\/wp\/v2\/posts"}],"about":[{"href":"https:\/\/hostnetart.com.br\/baixada\/wp-json\/wp\/v2\/types\/post"}],"author":[{"embeddable":true,"href":"https:\/\/hostnetart.com.br\/baixada\/wp-json\/wp\/v2\/users\/2"}],"replies":[{"embeddable":true,"href":"https:\/\/hostnetart.com.br\/baixada\/wp-json\/wp\/v2\/comments?post=9400"}],"version-history":[{"count":0,"href":"https:\/\/hostnetart.com.br\/baixada\/wp-json\/wp\/v2\/posts\/9400\/revisions"}],"wp:featuredmedia":[{"embeddable":true,"href":"https:\/\/hostnetart.com.br\/baixada\/wp-json\/wp\/v2\/media\/9399"}],"wp:attachment":[{"href":"https:\/\/hostnetart.com.br\/baixada\/wp-json\/wp\/v2\/media?parent=9400"}],"wp:term":[{"taxonomy":"category","embeddable":true,"href":"https:\/\/hostnetart.com.br\/baixada\/wp-json\/wp\/v2\/categories?post=9400"},{"taxonomy":"post_tag","embeddable":true,"href":"https:\/\/hostnetart.com.br\/baixada\/wp-json\/wp\/v2\/tags?post=9400"}],"curies":[{"name":"wp","href":"https:\/\/api.w.org\/{rel}","templated":true}]}}