{"id":9396,"date":"2020-08-12T16:28:27","date_gmt":"2020-08-12T19:28:27","guid":{"rendered":"https:\/\/hostnetart.com.br\/baixada\/saude-e-prioridade-da-campanha-nacional-dos-bancarios-2020\/"},"modified":"2020-08-12T16:28:27","modified_gmt":"2020-08-12T19:28:27","slug":"saude-e-prioridade-da-campanha-nacional-dos-bancarios-2020","status":"publish","type":"post","link":"https:\/\/hostnetart.com.br\/baixada\/saude-e-prioridade-da-campanha-nacional-dos-bancarios-2020\/","title":{"rendered":"Sa\u00fade \u00e9 prioridade da Campanha Nacional dos Banc\u00e1rios 2020"},"content":{"rendered":"<p>Sa\u00fade e Condi\u00e7\u00f5es de Trabalho, tema debatido na mesa de negocia\u00e7\u00f5es entre o Comando Nacional dos Banc\u00e1rios e a Federa\u00e7\u00e3o Nacional dos Bancos (Fenaban) nesta ter\u00e7a-feira (11), \u00e9 uma das prioridades da categoria para a Campanha Nacional 2020. Metas abusivas e ass\u00e9dio moral; sa\u00fade e condi\u00e7\u00f5es de trabalho no teletrabalho; n\u00e3o ter perdas quando afastados (complementa\u00e7\u00e3o, antecipa\u00e7\u00e3o, n\u00e3o haver descomissionamento) est\u00e3o entre os temas a serem debatidos na \u00e1rea da sa\u00fade.<\/p>\n<p>\u201cDiante do alto \u00edndice de adoecimento, que cresceu com a pandemia, gerado por metas abusivas e press\u00e3o por resultados, o tema tem que ser levado a s\u00e9rio por parte dos bancos\u201d, disse o secret\u00e1rio de Sa\u00fade do Trabalhador da Confedera\u00e7\u00e3o Nacional dos Trabalhadores do Ramo Financeiro (Contraf-CUT), Mauro Salles.<\/p>\n<p>Para Mauro, os servi\u00e7os m\u00e9dicos dos bancos precisam ter como foco as pessoas e n\u00e3o podem se submeter \u00e0 \u00e1rea comercial. \u201cO trabalhador, quando adoece, deve merecer aten\u00e7\u00e3o por parte das empresas, n\u00e3o pode ter perdas em sua renda e deve contar com presteza nos encaminhamentos m\u00e9dicos e previdenci\u00e1rios\u201d, explicou o dirigente da Contraf-CUT ao afirmar que a preven\u00e7\u00e3o deve ser prioridade.<\/p>\n<ul>\n<li>Ou\u00e7a no podcast da Contraf-CUT (no\u00a0<a href=\"https:\/\/soundcloud.com\/user-470462729\/saude-por-que-os-bancarios\" target=\"_blank\" rel=\"noopener noreferrer\">Soundcoud<\/a>\u00a0ou no\u00a0<a href=\"https:\/\/open.spotify.com\/episode\/0IVCoJkqUNJqeVHHGiyL99\" target=\"_blank\" rel=\"noopener noreferrer\">Spotify<\/a>) a entrevista com Mauro Salles<\/li>\n<\/ul>\n<h3><strong>Direito garantido<\/strong><\/h3>\n<p>Mauro lembra que a legisla\u00e7\u00e3o brasileira diz que a participa\u00e7\u00e3o da representa\u00e7\u00e3o dos trabalhadores na an\u00e1lise dos dados, no monitoramento e no envolvimento dos trabalhadores nas medidas de cuidados com a sa\u00fade deve ser efetiva. \u201cPara isso a participa\u00e7\u00e3o dos trabalhadores \u00e9 essencial e o acesso \u00e0s informa\u00e7\u00f5es s\u00e3o muito relevantes\u201d.<\/p>\n<p>A Norma Regulamentadora n\u00ba 7 estabelece a obrigatoriedade de elabora\u00e7\u00e3o e implementa\u00e7\u00e3o, por parte de todos os empregadores e institui\u00e7\u00f5es que admitam trabalhadores como empregados, do Programa de Controle M\u00e9dico de Sa\u00fade Ocupacional (PCMSO), com o objetivo de promo\u00e7\u00e3o e preserva\u00e7\u00e3o da sa\u00fade do conjunto dos seus trabalhadores. \u201cTudo isso est\u00e1 colocado nas nossas reivindica\u00e7\u00f5es entregues aos bancos. Agora, buscaremos firmar compromissos concretos, pois, na nossa opini\u00e3o, \u00e9 obriga\u00e7\u00e3o dos bancos avan\u00e7arem nesses pontos\u201d.<\/p>\n<h3><strong>Consulta Nacional<\/strong><\/h3>\n<p>A consulta nacional feita este ano com quase 30 mil banc\u00e1rios mostra que, para mais da metade dos entrevistados (54,1%), o cansa\u00e7o e a fadiga constante s\u00e3o resultados da cobran\u00e7a excessiva pelo cumprimento de metas. A crise de ansiedade foi apontada por 51,6% como impacto na sa\u00fade.<\/p>\n<p>Outros efeitos do trabalho exaustivo identificados na consulta foram dificuldade para dormir (39,3%); crise de ansiedade (51,6%); crises constantes de dor de cabe\u00e7a (24,2%), e dores de est\u00f4mago e gastrite (24,1%). Mais de um ter\u00e7o dos banc\u00e1rios (35%) recorrem a antidepressivos, ansiol\u00edticos ou estimulantes para se medicarem.<\/p>\n<h3><strong>Adoecimento crescente<\/strong><\/h3>\n<p>A reestrutura\u00e7\u00e3o das atividades banc\u00e1rias nas \u00faltimas d\u00e9cadas modificou o contexto de trabalho trazendo crescente adoecimento da categoria. Gerou mais press\u00e3o e levou muitos trabalhadores do setor a se afastarem do trabalho.<\/p>\n<p>Levantamento do Departamento Intersindical de Estudos e Estat\u00edsticas Socioecon\u00f4micas (Dieese) com dados da Previd\u00eancia Social mostra que, de 2009 a 2013, houve um aumento de 40,4% do n\u00famero total de aux\u00edlio-previdenci\u00e1rio e de aux\u00edlio-acident\u00e1rio concedidos aos trabalhadores do setor banc\u00e1rio. Nos demais setores da economia tamb\u00e9m houve eleva\u00e7\u00e3o do n\u00famero de benef\u00edcios no per\u00edodo, por\u00e9m, num ritmo menor do que o verificado nos bancos. Nesses setores, o crescimento foi de 26,2%.<\/p>\n<p>Quando o tema \u00e9 o dano \u00e0 sa\u00fade, o destaque vai para o aumento das doen\u00e7as relacionadas ao trabalho como os transtornos mentais. De 2014 a 2018, os transtornos mentais e comportamentais foram a principal causa dos afastamentos, com participa\u00e7\u00e3o crescente, em torno de 28%.<\/p>\n<h3><strong>Banc\u00e1rios na pandemia<\/strong><\/h3>\n<p>Em 2020, o Comando Nacional dos Banc\u00e1rios negociou com a Fenaban e conquistou medidas para preven\u00e7\u00e3o da sa\u00fade da categoria logo no in\u00edcio da pandemia. Ao longo da quarentena, cerca de 300 mil banc\u00e1rios foram trabalhar em casa, ou simplesmente liberados do comparecimento ao local de trabalho, sem redu\u00e7\u00e3o nos sal\u00e1rios ou perda de direitos. O movimento sindical tamb\u00e9m vem cobrando o afastamento de funcion\u00e1rios que coabitam com pessoas de grupos de riscos. Mesmo assim, o atendimento \u00e0 popula\u00e7\u00e3o foi mantido e se mostrou essencial durante a pandemia.<\/p>\n<p><strong>Fonte: Contraf-CUT<\/strong><\/p>\n","protected":false},"excerpt":{"rendered":"<p>Sa\u00fade e Condi\u00e7\u00f5es de Trabalho, tema debatido na mesa de negocia\u00e7\u00f5es entre o Comando Nacional dos Banc\u00e1rios e a Federa\u00e7\u00e3o Nacional dos Bancos (Fenaban) nesta ter\u00e7a-feira (11), \u00e9 uma das prioridades da categoria para a Campanha Nacional 2020. Metas abusivas e ass\u00e9dio moral; sa\u00fade e condi\u00e7\u00f5es de trabalho no teletrabalho; n\u00e3o ter perdas quando afastados [&hellip;]<\/p>\n","protected":false},"author":2,"featured_media":9395,"comment_status":"","ping_status":"","sticky":false,"template":"","format":"standard","meta":{"footnotes":""},"categories":[3],"tags":[],"class_list":["post-9396","post","type-post","status-publish","format-standard","has-post-thumbnail","hentry","category-noticias"],"_links":{"self":[{"href":"https:\/\/hostnetart.com.br\/baixada\/wp-json\/wp\/v2\/posts\/9396","targetHints":{"allow":["GET"]}}],"collection":[{"href":"https:\/\/hostnetart.com.br\/baixada\/wp-json\/wp\/v2\/posts"}],"about":[{"href":"https:\/\/hostnetart.com.br\/baixada\/wp-json\/wp\/v2\/types\/post"}],"author":[{"embeddable":true,"href":"https:\/\/hostnetart.com.br\/baixada\/wp-json\/wp\/v2\/users\/2"}],"replies":[{"embeddable":true,"href":"https:\/\/hostnetart.com.br\/baixada\/wp-json\/wp\/v2\/comments?post=9396"}],"version-history":[{"count":0,"href":"https:\/\/hostnetart.com.br\/baixada\/wp-json\/wp\/v2\/posts\/9396\/revisions"}],"wp:featuredmedia":[{"embeddable":true,"href":"https:\/\/hostnetart.com.br\/baixada\/wp-json\/wp\/v2\/media\/9395"}],"wp:attachment":[{"href":"https:\/\/hostnetart.com.br\/baixada\/wp-json\/wp\/v2\/media?parent=9396"}],"wp:term":[{"taxonomy":"category","embeddable":true,"href":"https:\/\/hostnetart.com.br\/baixada\/wp-json\/wp\/v2\/categories?post=9396"},{"taxonomy":"post_tag","embeddable":true,"href":"https:\/\/hostnetart.com.br\/baixada\/wp-json\/wp\/v2\/tags?post=9396"}],"curies":[{"name":"wp","href":"https:\/\/api.w.org\/{rel}","templated":true}]}}