{"id":9394,"date":"2020-08-11T17:50:20","date_gmt":"2020-08-11T20:50:20","guid":{"rendered":"https:\/\/hostnetart.com.br\/baixada\/comecou-a-negociacao-d-s-bancari-s-com-a-fenaban-sobre-saude\/"},"modified":"2020-08-11T17:50:20","modified_gmt":"2020-08-11T20:50:20","slug":"comecou-a-negociacao-d-s-bancari-s-com-a-fenaban-sobre-saude","status":"publish","type":"post","link":"https:\/\/hostnetart.com.br\/baixada\/comecou-a-negociacao-d-s-bancari-s-com-a-fenaban-sobre-saude\/","title":{"rendered":"Come\u00e7ou a negocia\u00e7\u00e3o d@s banc\u00e1ri@s com a Fenaban sobre sa\u00fade"},"content":{"rendered":"<p>Come\u00e7ou agora \u00e0 tarde a terceira rodada de negocia\u00e7\u00e3o do Comando Nacional\u00a0d@s\u00a0Banc\u00e1ri@s\u00a0com a Federa\u00e7\u00e3o Nacional dos Bancos (Fenaban). Hoje, o tema ser\u00e1 Sa\u00fade e Condi\u00e7\u00f5es de Trabalho. Antes do in\u00edcio das negocia\u00e7\u00f5es, a categoria realizou um tuita\u00e7o (#Sa\u00fadeAcimaDoLucro) para mostrar a preocupa\u00e7\u00e3o com o tema.<\/p>\n<p>Acompanhe a negocia\u00e7\u00e3o. Fique ligado nas redes sociais da Contraf-CUT para saber o que aconteceu na reuni\u00e3o.<\/p>\n<p>twitter.com\/Contraf_CUT<\/p>\n<p>facebook.com\/contrafcut\/\u00a0\u00a0\u00a0\u00a0\u00a0\u00a0\u00a0\u00a0\u00a0\u00a0\u00a0\u00a0\u00a0\u00a0\u00a0\u00a0\u00a0\u00a0\u00a0\u00a0\u00a0\u00a0\u00a0\u00a0\u00a0\u00a0\u00a0\u00a0\u00a0\u00a0\u00a0\u00a0\u00a0\u00a0\u00a0\u00a0\u00a0\u00a0\u00a0<\/p>\n<p>instagram.com\/contraf_cut\/<\/p>\n<p><strong>Fonte: Contraf-CUT<\/strong><\/p>\n","protected":false},"excerpt":{"rendered":"<p>Come\u00e7ou agora \u00e0 tarde a terceira rodada de negocia\u00e7\u00e3o do Comando Nacional\u00a0d@s\u00a0Banc\u00e1ri@s\u00a0com a Federa\u00e7\u00e3o Nacional dos Bancos (Fenaban). Hoje, o tema ser\u00e1 Sa\u00fade e Condi\u00e7\u00f5es de Trabalho. Antes do in\u00edcio das negocia\u00e7\u00f5es, a categoria realizou um tuita\u00e7o (#Sa\u00fadeAcimaDoLucro) para mostrar a preocupa\u00e7\u00e3o com o tema. Acompanhe a negocia\u00e7\u00e3o. Fique ligado nas redes sociais da Contraf-CUT [&hellip;]<\/p>\n","protected":false},"author":2,"featured_media":9393,"comment_status":"","ping_status":"","sticky":false,"template":"","format":"standard","meta":{"footnotes":""},"categories":[3],"tags":[],"class_list":["post-9394","post","type-post","status-publish","format-standard","has-post-thumbnail","hentry","category-noticias"],"_links":{"self":[{"href":"https:\/\/hostnetart.com.br\/baixada\/wp-json\/wp\/v2\/posts\/9394","targetHints":{"allow":["GET"]}}],"collection":[{"href":"https:\/\/hostnetart.com.br\/baixada\/wp-json\/wp\/v2\/posts"}],"about":[{"href":"https:\/\/hostnetart.com.br\/baixada\/wp-json\/wp\/v2\/types\/post"}],"author":[{"embeddable":true,"href":"https:\/\/hostnetart.com.br\/baixada\/wp-json\/wp\/v2\/users\/2"}],"replies":[{"embeddable":true,"href":"https:\/\/hostnetart.com.br\/baixada\/wp-json\/wp\/v2\/comments?post=9394"}],"version-history":[{"count":0,"href":"https:\/\/hostnetart.com.br\/baixada\/wp-json\/wp\/v2\/posts\/9394\/revisions"}],"wp:featuredmedia":[{"embeddable":true,"href":"https:\/\/hostnetart.com.br\/baixada\/wp-json\/wp\/v2\/media\/9393"}],"wp:attachment":[{"href":"https:\/\/hostnetart.com.br\/baixada\/wp-json\/wp\/v2\/media?parent=9394"}],"wp:term":[{"taxonomy":"category","embeddable":true,"href":"https:\/\/hostnetart.com.br\/baixada\/wp-json\/wp\/v2\/categories?post=9394"},{"taxonomy":"post_tag","embeddable":true,"href":"https:\/\/hostnetart.com.br\/baixada\/wp-json\/wp\/v2\/tags?post=9394"}],"curies":[{"name":"wp","href":"https:\/\/api.w.org\/{rel}","templated":true}]}}