{"id":9392,"date":"2020-08-10T21:12:48","date_gmt":"2020-08-11T00:12:48","guid":{"rendered":"https:\/\/hostnetart.com.br\/baixada\/empregados-da-caixa-sao-contra-mp-995\/"},"modified":"2020-08-10T21:12:48","modified_gmt":"2020-08-11T00:12:48","slug":"empregados-da-caixa-sao-contra-mp-995","status":"publish","type":"post","link":"https:\/\/hostnetart.com.br\/baixada\/empregados-da-caixa-sao-contra-mp-995\/","title":{"rendered":"Empregados da Caixa s\u00e3o contra MP 995"},"content":{"rendered":"<p>Os empregados da Caixa Econ\u00f4mica Federal s\u00e3o veementemente contr\u00e1rios \u00e0 Medida Provis\u00f3ria (MP) 995, editada pelo governo federal na sexta-feira (7), para permitir que a Caixa abra o capital das suas subsidi\u00e1rias, entre elas a de seguros e cart\u00f5es.<\/p>\n<p>A MP encaminhada ao Congresso \u2013 assinada pelo presidente e ministro Paulo Guedes (Economia) \u2013 autoriza as subsidi\u00e1rias do banco p\u00fablico a incorporar a\u00e7\u00f5es de outras sociedades empresariais e a aquisi\u00e7\u00e3o controle societ\u00e1rio ou participa\u00e7\u00e3o minorit\u00e1ria em empresas privadas.<\/p>\n<p>A MP foi criada para a venda das subsidi\u00e1rias Caixa Seguridade, quarto maior grupo segurador do pa\u00eds, e Caixa Cart\u00f5es, voltada para o setor de meios de pagamento. A ideia \u00e9 que a Caixa continue societ\u00e1ria nesses neg\u00f3cios embora a modelagem ainda n\u00e3o esteja definida.<\/p>\n<p>Para Fabiana Uehara Proscholdt, coordenadora da Comiss\u00e3o Executiva dos Empregados da Caixa (CEE\/ Caixa) e secret\u00e1ria da Cultura da Confedera\u00e7\u00e3o Nacional dos Trabalhadores do Ramo Financeiro (Contraf-CUT), \u00e9 mais uma tentativa de enfraquecimento do banco p\u00fablico. \u201cNossa luta hist\u00f3rica \u00e9 pela Caixa 100% P\u00fablica. Somos contr\u00e1rios a qualquer tipo de venda que possa enfraquecer a nossa institui\u00e7\u00e3o, que \u00e9 uma das mais importantes para o desenvolvimento do Brasil.<\/p>\n<p>O secret\u00e1rio de Finan\u00e7as da Contraf-CUT e presidente da Federa\u00e7\u00e3o Nacional das Associa\u00e7\u00f5es do Pessoal da Caixa Econ\u00f4mica Federal (Fenae), Sergio Takemoto, revelou que as entidades estudam medidas cab\u00edveis para impedir que o governo fa\u00e7a a privatiza\u00e7\u00e3o da Caixa. \u201cA edi\u00e7\u00e3o de uma MP que coloca em risco um dos principais patrim\u00f4nio da popula\u00e7\u00e3o brasileira, a Caixa, no momento que o pa\u00eds atinge a triste marca 100 mil mortes por covid-19, demonstra que o \u00fanico objetivo do governo \u00e9 vender o patrim\u00f4nio p\u00fablico. N\u00e3o tem nenhuma considera\u00e7\u00e3o com a vida.\u201d<\/p>\n<p>A Conselheira de Administra\u00e7\u00e3o da Caixa, Rita Serrano, destaca que, na verdade, isso j\u00e1 vinha sendo feito, e que questionava no CA que n\u00e3o havia legisla\u00e7\u00e3o que autorizasse, o que agora lamentavelmente ocorre com a MP. \u201cEst\u00e3o legalizando um processo que j\u00e1 acontece. A Caixa criou subsidi\u00e1rias nas \u00e1reas de cart\u00f5es e loterias, anunciou que na de seguros ser\u00e1 a primeira a ser feito IPO, inclusive j\u00e1 comunicando o mercado; quer criar em DTVM e fala em um banco digital\u201d, explica.<\/p>\n<p>Ela compara essas manobras \u00e0 venda de um carro do qual n\u00e3o se tem o documento que autorize a transfer\u00eancia: vai sendo vendido aos peda\u00e7os, por partes, restando apenas a sucata. E isso, aponta, em plena pandemia, quando na\u00e7\u00f5es como Alemanha e Canad\u00e1, por exemplo, usam as institui\u00e7\u00f5es p\u00fablicas para tentar reconstruir o pa\u00eds.<\/p>\n<p><strong>Fonte: Contraf-CUT<\/strong><\/p>\n","protected":false},"excerpt":{"rendered":"<p>Os empregados da Caixa Econ\u00f4mica Federal s\u00e3o veementemente contr\u00e1rios \u00e0 Medida Provis\u00f3ria (MP) 995, editada pelo governo federal na sexta-feira (7), para permitir que a Caixa abra o capital das suas subsidi\u00e1rias, entre elas a de seguros e cart\u00f5es. A MP encaminhada ao Congresso \u2013 assinada pelo presidente e ministro Paulo Guedes (Economia) \u2013 autoriza [&hellip;]<\/p>\n","protected":false},"author":2,"featured_media":9391,"comment_status":"","ping_status":"","sticky":false,"template":"","format":"standard","meta":{"footnotes":""},"categories":[3],"tags":[],"class_list":["post-9392","post","type-post","status-publish","format-standard","has-post-thumbnail","hentry","category-noticias"],"_links":{"self":[{"href":"https:\/\/hostnetart.com.br\/baixada\/wp-json\/wp\/v2\/posts\/9392","targetHints":{"allow":["GET"]}}],"collection":[{"href":"https:\/\/hostnetart.com.br\/baixada\/wp-json\/wp\/v2\/posts"}],"about":[{"href":"https:\/\/hostnetart.com.br\/baixada\/wp-json\/wp\/v2\/types\/post"}],"author":[{"embeddable":true,"href":"https:\/\/hostnetart.com.br\/baixada\/wp-json\/wp\/v2\/users\/2"}],"replies":[{"embeddable":true,"href":"https:\/\/hostnetart.com.br\/baixada\/wp-json\/wp\/v2\/comments?post=9392"}],"version-history":[{"count":0,"href":"https:\/\/hostnetart.com.br\/baixada\/wp-json\/wp\/v2\/posts\/9392\/revisions"}],"wp:featuredmedia":[{"embeddable":true,"href":"https:\/\/hostnetart.com.br\/baixada\/wp-json\/wp\/v2\/media\/9391"}],"wp:attachment":[{"href":"https:\/\/hostnetart.com.br\/baixada\/wp-json\/wp\/v2\/media?parent=9392"}],"wp:term":[{"taxonomy":"category","embeddable":true,"href":"https:\/\/hostnetart.com.br\/baixada\/wp-json\/wp\/v2\/categories?post=9392"},{"taxonomy":"post_tag","embeddable":true,"href":"https:\/\/hostnetart.com.br\/baixada\/wp-json\/wp\/v2\/tags?post=9392"}],"curies":[{"name":"wp","href":"https:\/\/api.w.org\/{rel}","templated":true}]}}