{"id":9386,"date":"2020-08-10T21:07:31","date_gmt":"2020-08-11T00:07:31","guid":{"rendered":"https:\/\/hostnetart.com.br\/baixada\/empregados-da-caixa-entregam-minuta-de-reivindicacoes-e-definem-calendario-de-negociacoes\/"},"modified":"2020-08-10T21:07:31","modified_gmt":"2020-08-11T00:07:31","slug":"empregados-da-caixa-entregam-minuta-de-reivindicacoes-e-definem-calendario-de-negociacoes","status":"publish","type":"post","link":"https:\/\/hostnetart.com.br\/baixada\/empregados-da-caixa-entregam-minuta-de-reivindicacoes-e-definem-calendario-de-negociacoes\/","title":{"rendered":"Empregados da Caixa entregam minuta de reivindica\u00e7\u00f5es e definem calend\u00e1rio de negocia\u00e7\u00f5es"},"content":{"rendered":"<p>A primeira reuni\u00e3o de negocia\u00e7\u00e3o da Campanha Nacional 2020 entre a Comiss\u00e3o Executiva dos Empregados da Caixa (CEE\/Caixa) e o banco, realizada por videoconfer\u00eancia nesta sexta-feira (7), come\u00e7ou com oficializa\u00e7\u00e3o da entrega da minuta de reivindica\u00e7\u00f5es para o Acordo Coletivo de Trabalho (ACT) dos empregados da Caixa.<\/p>\n<p>O encontro foi pautado para debater as reivindica\u00e7\u00f5es espec\u00edficas para a modalidade de trabalho em home office (teletrabalho). Uma conquista dos empregados foi a garantia do banco de manter em home office os empregados do grupo de risco.<\/p>\n<p>Outro resultado da a\u00e7\u00e3o sindical foi a garantia da Caixa de reavaliar, caso a caso, a inclus\u00e3o no Projeto Remoto dos empregados que coabitam com pessoas do grupo de risco. Foi solicitada tamb\u00e9m essa amplia\u00e7\u00e3o para as m\u00e3es e dos pais de crian\u00e7as pequenas. A Caixa ficou de avaliar.<\/p>\n<p>Importante salientar que todos os empregados que se enquadrem nos grupos citados acima conversem com o gestor. Em caso de negativa, a solicita\u00e7\u00e3o deve ser encaminhada para o Grupo de Trabalho que ir\u00e1 julgar o processo. A Caixa ficou de enviar ao movimento sindical os e-mails das unidades que far\u00e3o esse recurso para serem divulgados.<\/p>\n<p>Os representantes dos empregados tamb\u00e9m tiveram acatada a reivindica\u00e7\u00e3o da cria\u00e7\u00e3o de um canal de den\u00fancias para que os empregados possam informar os locais que n\u00e3o est\u00e3o seguindo o protocolo. As den\u00fancias poder\u00e3o ser an\u00f4nimas.<\/p>\n<p>\u201cDemos in\u00edcio \u00e0s negocia\u00e7\u00f5es da nossa pauta espec\u00edfica e temos o compromisso de defender as reivindica\u00e7\u00f5es dos empregados. \u00c9 importante que todos os colegas se mobilizem para que tenhamos muitos avan\u00e7os\u201d, convocou Fabiana Uehara Proscholdt, coordenadora da CEE\/ Caixa e secret\u00e1ria da Cultura da Confedera\u00e7\u00e3o Nacional dos Trabalhadores do Ramo Financeiro (Contraf-CUT).<\/p>\n<h3>Pesquisa<\/h3>\n<p>Os empregados da Caixa apresentaram dados da pesquisa com a categoria elaborada pela Confedera\u00e7\u00e3o Nacional dos Trabalhadores do Ramo Financeiro (Contraf-CUT) e pelo Departamento Intersindical de Estat\u00edstica e Estudos Socioecon\u00f4micos (Dieese), com recorte dos respondentes da Caixa, sobre a situa\u00e7\u00e3o dos trabalhadores que foram colocados em home office, em decorr\u00eancia da pandemia causada pelo novo coronav\u00edrus (Covid-19). Na sequ\u00eancia, foi a vez do banco fazer uma apresenta\u00e7\u00e3o sobre a constru\u00e7\u00e3o do Projeto Remoto no banco.<\/p>\n<p>Com os dados da pesquisa apresentada na reuni\u00e3o e a pauta espec\u00edfica sobre o assunto dos empregados, a Caixa vai analisar as reivindica\u00e7\u00f5es dos trabalhadores. O tema voltar\u00e1 a ser debatido durante o decorrer da campanha, tamb\u00e9m na mesa \u00fanica com a Federa\u00e7\u00e3o Nacional do Bancos (Fenaban).<\/p>\n<h3>Rod\u00edzio<\/h3>\n<p>A Caixa disse que mant\u00e9m o rod\u00edzio dos trabalhadores nas ag\u00eancias. A CEE\/Caixa, entretanto, aponta que isso n\u00e3o acontece efetivamente e cobra garantias.<\/p>\n<p>A pr\u00f3xima reuni\u00e3o, que ser\u00e1 realizada na quarta-feira (12), vai debater Sa\u00fade e Seguran\u00e7a.<\/p>\n<h3>Calend\u00e1rio de Reuni\u00f5es da mesa espec\u00edfica da Caixa<\/h3>\n<ul>\n<li>12\/08 \u2013 Tem\u00e1tica: Sa\u00fade e Seguran\u00e7a<\/li>\n<li>17\/08 \u2013 Tem\u00e1tica: Igualdade e Cl\u00e1usulas Sociais<\/li>\n<li>19\/08 \u2013 Tem\u00e1tica: Cl\u00e1usulas Sociais<\/li>\n<\/ul>\n<p><strong>Fonte: Contraf-CUT<\/strong><\/p>\n","protected":false},"excerpt":{"rendered":"<p>A primeira reuni\u00e3o de negocia\u00e7\u00e3o da Campanha Nacional 2020 entre a Comiss\u00e3o Executiva dos Empregados da Caixa (CEE\/Caixa) e o banco, realizada por videoconfer\u00eancia nesta sexta-feira (7), come\u00e7ou com oficializa\u00e7\u00e3o da entrega da minuta de reivindica\u00e7\u00f5es para o Acordo Coletivo de Trabalho (ACT) dos empregados da Caixa. O encontro foi pautado para debater as reivindica\u00e7\u00f5es [&hellip;]<\/p>\n","protected":false},"author":2,"featured_media":9385,"comment_status":"","ping_status":"","sticky":false,"template":"","format":"standard","meta":{"footnotes":""},"categories":[3],"tags":[],"class_list":["post-9386","post","type-post","status-publish","format-standard","has-post-thumbnail","hentry","category-noticias"],"_links":{"self":[{"href":"https:\/\/hostnetart.com.br\/baixada\/wp-json\/wp\/v2\/posts\/9386","targetHints":{"allow":["GET"]}}],"collection":[{"href":"https:\/\/hostnetart.com.br\/baixada\/wp-json\/wp\/v2\/posts"}],"about":[{"href":"https:\/\/hostnetart.com.br\/baixada\/wp-json\/wp\/v2\/types\/post"}],"author":[{"embeddable":true,"href":"https:\/\/hostnetart.com.br\/baixada\/wp-json\/wp\/v2\/users\/2"}],"replies":[{"embeddable":true,"href":"https:\/\/hostnetart.com.br\/baixada\/wp-json\/wp\/v2\/comments?post=9386"}],"version-history":[{"count":0,"href":"https:\/\/hostnetart.com.br\/baixada\/wp-json\/wp\/v2\/posts\/9386\/revisions"}],"wp:featuredmedia":[{"embeddable":true,"href":"https:\/\/hostnetart.com.br\/baixada\/wp-json\/wp\/v2\/media\/9385"}],"wp:attachment":[{"href":"https:\/\/hostnetart.com.br\/baixada\/wp-json\/wp\/v2\/media?parent=9386"}],"wp:term":[{"taxonomy":"category","embeddable":true,"href":"https:\/\/hostnetart.com.br\/baixada\/wp-json\/wp\/v2\/categories?post=9386"},{"taxonomy":"post_tag","embeddable":true,"href":"https:\/\/hostnetart.com.br\/baixada\/wp-json\/wp\/v2\/tags?post=9386"}],"curies":[{"name":"wp","href":"https:\/\/api.w.org\/{rel}","templated":true}]}}