{"id":9380,"date":"2020-08-07T13:46:13","date_gmt":"2020-08-07T16:46:13","guid":{"rendered":"https:\/\/hostnetart.com.br\/baixada\/bancari-s-questionam-fenaban-sobre-demissoes-e-fechamento-das-agencias\/"},"modified":"2020-08-07T13:46:13","modified_gmt":"2020-08-07T16:46:13","slug":"bancari-s-questionam-fenaban-sobre-demissoes-e-fechamento-das-agencias","status":"publish","type":"post","link":"https:\/\/hostnetart.com.br\/baixada\/bancari-s-questionam-fenaban-sobre-demissoes-e-fechamento-das-agencias\/","title":{"rendered":"Banc\u00e1ri@s questionam Fenaban sobre demiss\u00f5es e fechamento das ag\u00eancias"},"content":{"rendered":"<p>A defesa do emprego foi o tema das negocia\u00e7\u00f5es desta quinta-feira (6), entre o Comando Nacional\u00a0d@s\u00a0Banc\u00e1ri@s\u00a0e representantes da Federa\u00e7\u00e3o Nacional dos Bancos (Fenaban). Foi a segunda rodada de negocia\u00e7\u00f5es, feita por videoconfer\u00eancia. O debate se d\u00e1 em meio \u00e0 redu\u00e7\u00e3o dos postos de trabalho. De acordo com dados da Rela\u00e7\u00e3o Anual de Informa\u00e7\u00f5es Sociais (Rais), do Minist\u00e9rio do Trabalho, de janeiro de 2013 a dezembro de 2019 os bancos fecharam 70 mil postos de trabalho, o que equivale a uma redu\u00e7\u00e3o de cerca de 14% da categoria. Sendo que 51 mil postos foram cortados s\u00f3 entre 2016 e 2019. Entre as reivindica\u00e7\u00f5es apresentadas est\u00e3o a manuten\u00e7\u00e3o dos empregos e a suspens\u00e3o das demiss\u00f5es.<br \/>Mesmo ap\u00f3s o acordo entre o Comando Nacional\u00a0d@s\u00a0Bac\u00e1ri@s\u00a0e a Fenaban no in\u00edcio da pandemia, para a suspens\u00e3o das demiss\u00f5es no per\u00edodo, os bancos demitiram. O campe\u00e3o das demiss\u00f5es foi o Banco Santander que, no segundo trimestre deste ano, demitiu 844 banc\u00e1ri@s.\u00a0\u201cQueremos garantia de emprego e que as demiss\u00f5es sejam suspensas. Estamos em um processo de negocia\u00e7\u00e3o e h\u00e1 bancos est\u00e3o demitindo\u201d, questionou a presidenta da Confedera\u00e7\u00e3o Nacional dos Trabalhadores do Ramo Financeiro (Contraf-CUT), Juvandia Moreira, uma das coordenadoras do Comando. Em 2012, a categoria banc\u00e1ria era composta por 513 mil trabalhadores, n\u00famero que caiu para 453 mil em 2018, principalmente ap\u00f3s um longo processo de cortes no governo Temer.<\/p>\n<h2>Ag\u00eancias fechadas<\/h2>\n<p>Foi apresentado tamb\u00e9m aos representantes da Fenaban a quest\u00e3o do fechamento de ag\u00eancias banc\u00e1rias. \u201cDe dezembro 2019 at\u00e9 junho deste ano, foram fechadas no pa\u00eds 558 ag\u00eancias banc\u00e1rias. Nos \u00faltimos 12 meses, tem uma m\u00e9dia mensal de 100 ag\u00eancias fechadas. Ag\u00eancias s\u00e3o fechadas na pandemia, quando a popula\u00e7\u00e3o mais precisa. \u00c9 tamb\u00e9m um impacto para o emprego e para a economia. O desemprego atinge tamb\u00e9m os seguran\u00e7as, o pessoal da limpeza\u201d, afirmou Juvandia.<br \/>Falta emprego para 31,9 milh\u00f5es de brasileiros, de acordo com a Pesquisa Nacional por Amostra de Domic\u00edlios Cont\u00ednua (Pnad Cont\u00ednua), apurada pelo Instituto Brasileiro de Geografia e Estat\u00edstica (IBGE), no trimestre terminado em junho deste ano, taxa mais elevada na s\u00e9rie hist\u00f3rica iniciada em 2012. O desemprego cresceu 13,3% e o contingente de desempregados, que \u00e9 de 12,8 milh\u00f5es. Mas o contingente \u00e9 muito maior, se for considerado os 19 milh\u00f5es que deixaram de procurar trabalho, muitos impactados pela pr\u00f3pria pandemia que restringe a procura.<\/p>\n<h2>Digitaliza\u00e7\u00e3o<\/h2>\n<p>Os representantes da Fenaban argumentaram que a redu\u00e7\u00e3o do n\u00famero de ag\u00eancias tem de levar em conta uma mudan\u00e7a na cultura dos clientes, que diante da pandemia passaram a usar mais o atendimento digital. Para a presidenta do Sindicato dos Banc\u00e1rios de S\u00e3o Paulo, Osasco e Regi\u00e3o, Ivone Silva, uma das coordenadoras do Comando, a pandemia revelou outra realidade. \u201cAs ag\u00eancias s\u00e3o necess\u00e1rias, sim. Isso a pandemia demonstrou. H\u00e1 uma grande exclus\u00e3o de pessoas, que est\u00e3o fora do sistema banc\u00e1rio, que n\u00e3o t\u00eam conta banc\u00e1ria. Uma parte da popula\u00e7\u00e3o n\u00e3o tem acesso \u00e0 internet, n\u00e3o tem celular e nem computador em casa. O que percebemos \u00e9 que as pessoas v\u00e3o nas ag\u00eancias\u201d, disse Ivone.<br \/>Os representantes da Fenaban pediram um tempo para discutir as propostas apresentadas nesta quinta-feira. Disseram que v\u00e3o reunir representantes dos bancos na semana que vem para avaliar as propostas\u00a0d@s\u00a0banc\u00e1ri@s\u00a0sobre defesa do emprego. \u201cHoje introduzimos esse tema na negocia\u00e7\u00e3o, que j\u00e1 tinha uma import\u00e2ncia antes da pandemia, mas que ficou maior ainda. O n\u00famero de pessoas desempregados \u00e9 gigantesco. O Brasil est\u00e1 sofrendo um problema s\u00e9rio e os bancos precisam contribuir com sua parte. N\u00e3o d\u00e1 para fechar ag\u00eancias e quanto \u00e0s novas tecnologias, queremos que os trabalhadores sejam realocados e requalificados\u201d, afirmou Juvandia.<\/p>\n<h2>Veja as datas das pr\u00f3ximas negocia\u00e7\u00f5es<\/h2>\n<p><strong>11 de agosto \u2013 sa\u00fade e condi\u00e7\u00f5es de trabalho<br \/>13 agosto \u2013 Igualdade<br \/>14 de agosto \u2013 Cl\u00e1usulas Sociais<br \/>18 de agosto \u2013 Cl\u00e1usulas Econ\u00f4micas<\/strong><\/p>\n<p><span style=\"text-decoration: underline;\"><em>Fonte: Contraf-CUT<\/em><\/span><\/p>\n","protected":false},"excerpt":{"rendered":"<p>A defesa do emprego foi o tema das negocia\u00e7\u00f5es desta quinta-feira (6), entre o Comando Nacional\u00a0d@s\u00a0Banc\u00e1ri@s\u00a0e representantes da Federa\u00e7\u00e3o Nacional dos Bancos (Fenaban). Foi a segunda rodada de negocia\u00e7\u00f5es, feita por videoconfer\u00eancia. O debate se d\u00e1 em meio \u00e0 redu\u00e7\u00e3o dos postos de trabalho. De acordo com dados da Rela\u00e7\u00e3o Anual de Informa\u00e7\u00f5es Sociais (Rais), [&hellip;]<\/p>\n","protected":false},"author":2,"featured_media":9379,"comment_status":"","ping_status":"","sticky":false,"template":"","format":"standard","meta":{"footnotes":""},"categories":[3],"tags":[],"class_list":["post-9380","post","type-post","status-publish","format-standard","has-post-thumbnail","hentry","category-noticias"],"_links":{"self":[{"href":"https:\/\/hostnetart.com.br\/baixada\/wp-json\/wp\/v2\/posts\/9380","targetHints":{"allow":["GET"]}}],"collection":[{"href":"https:\/\/hostnetart.com.br\/baixada\/wp-json\/wp\/v2\/posts"}],"about":[{"href":"https:\/\/hostnetart.com.br\/baixada\/wp-json\/wp\/v2\/types\/post"}],"author":[{"embeddable":true,"href":"https:\/\/hostnetart.com.br\/baixada\/wp-json\/wp\/v2\/users\/2"}],"replies":[{"embeddable":true,"href":"https:\/\/hostnetart.com.br\/baixada\/wp-json\/wp\/v2\/comments?post=9380"}],"version-history":[{"count":0,"href":"https:\/\/hostnetart.com.br\/baixada\/wp-json\/wp\/v2\/posts\/9380\/revisions"}],"wp:featuredmedia":[{"embeddable":true,"href":"https:\/\/hostnetart.com.br\/baixada\/wp-json\/wp\/v2\/media\/9379"}],"wp:attachment":[{"href":"https:\/\/hostnetart.com.br\/baixada\/wp-json\/wp\/v2\/media?parent=9380"}],"wp:term":[{"taxonomy":"category","embeddable":true,"href":"https:\/\/hostnetart.com.br\/baixada\/wp-json\/wp\/v2\/categories?post=9380"},{"taxonomy":"post_tag","embeddable":true,"href":"https:\/\/hostnetart.com.br\/baixada\/wp-json\/wp\/v2\/tags?post=9380"}],"curies":[{"name":"wp","href":"https:\/\/api.w.org\/{rel}","templated":true}]}}