{"id":9374,"date":"2020-08-06T12:57:42","date_gmt":"2020-08-06T15:57:42","guid":{"rendered":"https:\/\/hostnetart.com.br\/baixada\/comando-nacional-dos-bancari-s-negocia-hoje-o-emprego-com-a-fenaban\/"},"modified":"2020-08-06T12:57:42","modified_gmt":"2020-08-06T15:57:42","slug":"comando-nacional-dos-bancari-s-negocia-hoje-o-emprego-com-a-fenaban","status":"publish","type":"post","link":"https:\/\/hostnetart.com.br\/baixada\/comando-nacional-dos-bancari-s-negocia-hoje-o-emprego-com-a-fenaban\/","title":{"rendered":"Comando Nacional dos Banc\u00e1ri@s negocia hoje o emprego com a Fenaban"},"content":{"rendered":"<p>Ser\u00e1 hoje (quinta-feira, 6 de agosto) a segunda reuni\u00e3o de negocia\u00e7\u00e3o entre o Comando Nacional dos Banc\u00e1ri@s\u00a0e representantes da Federa\u00e7\u00e3o Nacional dos Bancos (Fenaban). O encontro se dar\u00e1 por videoconfer\u00eancia, a partir das 14h. O tema em debate ser\u00e1 o do emprego.<\/p>\n<p>A manuten\u00e7\u00e3o do emprego \u00e9 um dos eixos da campanha da categoria. Em meio \u00e0 pandemia do Covid 19, perder o emprego se apresenta como uma trag\u00e9dia ainda maior. Pois \u00e9 justamente no momento da pandemia que alguns bancos realizam demiss\u00f5es, apesar de acordo firmado entre trabalhadores e as institui\u00e7\u00f5es financeiras de que o emprego seria preservado durante o per\u00edodo da quarentena. Exemplos n\u00e3o faltam: o Santander demitiu mais de 800 banc\u00e1ri@s, o Mercantil do Brasil, outros 60. Tamb\u00e9m houve demiss\u00f5es no Original, Carrefour e no C6.<\/p>\n<p>Por isso \u00e9 fundamental que a categoria se una nesse momento e acompanhe as negocia\u00e7\u00f5es do Comando Nacional com a Fenaban. Acompanhe por nossas redes sociais a reuni\u00e3o de hoje.<\/p>\n<p><a href=\"https:\/\/twitter.com\/Contraf_CUT\">twitter.com\/Contraf_CUT<\/a><\/p>\n<p><a href=\"https:\/\/www.facebook.com\/contrafcut\/\">facebook.com\/contrafcut\/<\/a>\u00a0\u00a0\u00a0\u00a0\u00a0\u00a0\u00a0\u00a0\u00a0\u00a0\u00a0\u00a0\u00a0\u00a0\u00a0\u00a0\u00a0\u00a0\u00a0\u00a0\u00a0\u00a0\u00a0\u00a0\u00a0\u00a0\u00a0\u00a0\u00a0\u00a0\u00a0\u00a0\u00a0\u00a0\u00a0\u00a0\u00a0\u00a0\u00a0\u00a0\u00a0<\/p>\n<p><a href=\"https:\/\/www.instagram.com\/contraf_cut\/\">instagram.com\/contraf_cut\/<\/a><\/p>\n<p><strong>Fonte: Contraf-CUT<\/strong><\/p>\n","protected":false},"excerpt":{"rendered":"<p>Ser\u00e1 hoje (quinta-feira, 6 de agosto) a segunda reuni\u00e3o de negocia\u00e7\u00e3o entre o Comando Nacional dos Banc\u00e1ri@s\u00a0e representantes da Federa\u00e7\u00e3o Nacional dos Bancos (Fenaban). O encontro se dar\u00e1 por videoconfer\u00eancia, a partir das 14h. O tema em debate ser\u00e1 o do emprego. A manuten\u00e7\u00e3o do emprego \u00e9 um dos eixos da campanha da categoria. Em [&hellip;]<\/p>\n","protected":false},"author":2,"featured_media":9373,"comment_status":"","ping_status":"","sticky":false,"template":"","format":"standard","meta":{"footnotes":""},"categories":[3],"tags":[],"class_list":["post-9374","post","type-post","status-publish","format-standard","has-post-thumbnail","hentry","category-noticias"],"_links":{"self":[{"href":"https:\/\/hostnetart.com.br\/baixada\/wp-json\/wp\/v2\/posts\/9374","targetHints":{"allow":["GET"]}}],"collection":[{"href":"https:\/\/hostnetart.com.br\/baixada\/wp-json\/wp\/v2\/posts"}],"about":[{"href":"https:\/\/hostnetart.com.br\/baixada\/wp-json\/wp\/v2\/types\/post"}],"author":[{"embeddable":true,"href":"https:\/\/hostnetart.com.br\/baixada\/wp-json\/wp\/v2\/users\/2"}],"replies":[{"embeddable":true,"href":"https:\/\/hostnetart.com.br\/baixada\/wp-json\/wp\/v2\/comments?post=9374"}],"version-history":[{"count":0,"href":"https:\/\/hostnetart.com.br\/baixada\/wp-json\/wp\/v2\/posts\/9374\/revisions"}],"wp:featuredmedia":[{"embeddable":true,"href":"https:\/\/hostnetart.com.br\/baixada\/wp-json\/wp\/v2\/media\/9373"}],"wp:attachment":[{"href":"https:\/\/hostnetart.com.br\/baixada\/wp-json\/wp\/v2\/media?parent=9374"}],"wp:term":[{"taxonomy":"category","embeddable":true,"href":"https:\/\/hostnetart.com.br\/baixada\/wp-json\/wp\/v2\/categories?post=9374"},{"taxonomy":"post_tag","embeddable":true,"href":"https:\/\/hostnetart.com.br\/baixada\/wp-json\/wp\/v2\/tags?post=9374"}],"curies":[{"name":"wp","href":"https:\/\/api.w.org\/{rel}","templated":true}]}}