{"id":9368,"date":"2020-08-05T20:45:27","date_gmt":"2020-08-05T23:45:27","guid":{"rendered":"https:\/\/hostnetart.com.br\/baixada\/banco-do-brasil-hoje-acontece-a-1-mesa-de-negociacoes-especificas\/"},"modified":"2020-08-05T20:45:27","modified_gmt":"2020-08-05T23:45:27","slug":"banco-do-brasil-hoje-acontece-a-1-mesa-de-negociacoes-especificas","status":"publish","type":"post","link":"https:\/\/hostnetart.com.br\/baixada\/banco-do-brasil-hoje-acontece-a-1-mesa-de-negociacoes-especificas\/","title":{"rendered":"Banco do Brasil: Hoje acontece a 1\u00aa mesa de negocia\u00e7\u00f5es espec\u00edficas"},"content":{"rendered":"<p>O Comando Nacional dos Banc\u00e1rios, a Comiss\u00e3o de Empresa dos Funcion\u00e1rios (CEBB) e o Banco do Brasil se re\u00fanem, nesta quarta-feira (5), a partir das 14h, por videoconfer\u00eancia, para debaterem sobre o teletrabalho e as condi\u00e7\u00f5es de sua realiza\u00e7\u00e3o. Ser\u00e1 a primeira mesa de negocia\u00e7\u00f5es sobre as reivindica\u00e7\u00f5es espec\u00edficas dos trabalhadores do banco para a renova\u00e7\u00e3o do Acordo Coletivo de Trabalho (ACT).<\/p>\n<p>Mais informa\u00e7\u00f5es ainda hoje em nossas redes sociais e aqui no nosso site.<\/p>\n<p><strong>Fonte: Contraf-CUT<\/strong><\/p>\n","protected":false},"excerpt":{"rendered":"<p>O Comando Nacional dos Banc\u00e1rios, a Comiss\u00e3o de Empresa dos Funcion\u00e1rios (CEBB) e o Banco do Brasil se re\u00fanem, nesta quarta-feira (5), a partir das 14h, por videoconfer\u00eancia, para debaterem sobre o teletrabalho e as condi\u00e7\u00f5es de sua realiza\u00e7\u00e3o. Ser\u00e1 a primeira mesa de negocia\u00e7\u00f5es sobre as reivindica\u00e7\u00f5es espec\u00edficas dos trabalhadores do banco para a [&hellip;]<\/p>\n","protected":false},"author":2,"featured_media":9367,"comment_status":"","ping_status":"","sticky":false,"template":"","format":"standard","meta":{"footnotes":""},"categories":[3],"tags":[],"class_list":["post-9368","post","type-post","status-publish","format-standard","has-post-thumbnail","hentry","category-noticias"],"_links":{"self":[{"href":"https:\/\/hostnetart.com.br\/baixada\/wp-json\/wp\/v2\/posts\/9368","targetHints":{"allow":["GET"]}}],"collection":[{"href":"https:\/\/hostnetart.com.br\/baixada\/wp-json\/wp\/v2\/posts"}],"about":[{"href":"https:\/\/hostnetart.com.br\/baixada\/wp-json\/wp\/v2\/types\/post"}],"author":[{"embeddable":true,"href":"https:\/\/hostnetart.com.br\/baixada\/wp-json\/wp\/v2\/users\/2"}],"replies":[{"embeddable":true,"href":"https:\/\/hostnetart.com.br\/baixada\/wp-json\/wp\/v2\/comments?post=9368"}],"version-history":[{"count":0,"href":"https:\/\/hostnetart.com.br\/baixada\/wp-json\/wp\/v2\/posts\/9368\/revisions"}],"wp:featuredmedia":[{"embeddable":true,"href":"https:\/\/hostnetart.com.br\/baixada\/wp-json\/wp\/v2\/media\/9367"}],"wp:attachment":[{"href":"https:\/\/hostnetart.com.br\/baixada\/wp-json\/wp\/v2\/media?parent=9368"}],"wp:term":[{"taxonomy":"category","embeddable":true,"href":"https:\/\/hostnetart.com.br\/baixada\/wp-json\/wp\/v2\/categories?post=9368"},{"taxonomy":"post_tag","embeddable":true,"href":"https:\/\/hostnetart.com.br\/baixada\/wp-json\/wp\/v2\/tags?post=9368"}],"curies":[{"name":"wp","href":"https:\/\/api.w.org\/{rel}","templated":true}]}}