{"id":9366,"date":"2020-08-05T20:44:26","date_gmt":"2020-08-05T23:44:26","guid":{"rendered":"https:\/\/hostnetart.com.br\/baixada\/bancari-s-negociam-defesa-do-emprego-nesta-quinta-feira\/"},"modified":"2020-08-05T20:44:26","modified_gmt":"2020-08-05T23:44:26","slug":"bancari-s-negociam-defesa-do-emprego-nesta-quinta-feira","status":"publish","type":"post","link":"https:\/\/hostnetart.com.br\/baixada\/bancari-s-negociam-defesa-do-emprego-nesta-quinta-feira\/","title":{"rendered":"Banc\u00e1ri@s negociam defesa do emprego nesta quinta-feira"},"content":{"rendered":"<p>Nesta quinta-feira (6) vai ocorrer a segunda reuni\u00e3o de negocia\u00e7\u00e3o entre o Comando Nacional\u00a0d@s\u00a0Banc\u00e1ri@s\u00a0e representantes da Federa\u00e7\u00e3o Nacional dos Bancos (Fenaban). O tema a ser discutido no encontro, que come\u00e7a \u00e0s 14h, ser\u00e1 o emprego. Na minuta entregue pela categoria aos bancos est\u00e1 a manuten\u00e7\u00e3o do emprego como uma das prioridades.<\/p>\n<p>A preocupa\u00e7\u00e3o manifestada na minuta se explica diante das demiss\u00f5es que ocorrem este ano na categoria, mesmo em meio \u00e0 pandemia. Quando come\u00e7ou a quarentena, os tr\u00eas maiores bancos (Santander, Bradesco e Ita\u00fa) se comprometeram na mesa de negocia\u00e7\u00f5es a n\u00e3o demitir durante a pandemia. O Santander foi um dos que descumpriram o acordo e demitiu cerca de 700 banc\u00e1ri@s\u00a0no per\u00edodo.<\/p>\n<p>Al\u00e9m do Santander, outros bancos como Mercantil do Brasil, Original, Carrefour e C6 tamb\u00e9m est\u00e3o demitindo. O Mercantil do Brasil, por exemplo, demitiu mais de 60 trabalhadores em plena pandemia.<\/p>\n<h2><span style=\"text-decoration: underline;\">Medo<\/span><\/h2>\n<p>O medo da demiss\u00e3o est\u00e1 presente na categoria. Em pesquisa realizada em julho pelo Departamento Intersindical de Estudos e Estat\u00edsticas Socioecon\u00f4micas (Dieese) entre banc\u00e1ri@s\u00a0que est\u00e3o em teletrabalho, o medo de ser demitido, perder oportunidades ou ser esquecido pelas chefias \u00e9 a causa do maior impacto na sa\u00fade, de acordo com opini\u00e3o de 54,3% dos entrevistados.<\/p>\n<p>As demiss\u00f5es na categoria tiveram at\u00e9 repercuss\u00e3o internacional. Por causa da onda de desemprego realizada pela dire\u00e7\u00e3o do Santander no Brasil, a Uni Finan\u00e7as, o sindicato mundial dos trabalhadores no setor financeiro, colheu mais de 10 mil assinaturas em todo o mundo em documento enviado \u00e0 dire\u00e7\u00e3o do banco.<\/p>\n<p>Desemprego n\u00e3o combina com a ajuda que o governo est\u00e1 dando aos bancos. As institui\u00e7\u00f5es financeiras receberam aporte de R$ 1,2 trilh\u00e3o do governo para ajudar na recupera\u00e7\u00e3o econ\u00f4mica do pa\u00eds. Mesmo assim, os bancos relutam em liberar empr\u00e9stimos, principalmente para as micro e pequenas empresas.<\/p>\n<p>Acompanhe as negocia\u00e7\u00f5es sobre a defesa do emprego na Campanha Nacional. Sigas as informa\u00e7\u00f5es em nossas redes sociais.<\/p>\n<p><strong>Fonte: Contraf-CUT<\/strong><\/p>\n","protected":false},"excerpt":{"rendered":"<p>Nesta quinta-feira (6) vai ocorrer a segunda reuni\u00e3o de negocia\u00e7\u00e3o entre o Comando Nacional\u00a0d@s\u00a0Banc\u00e1ri@s\u00a0e representantes da Federa\u00e7\u00e3o Nacional dos Bancos (Fenaban). O tema a ser discutido no encontro, que come\u00e7a \u00e0s 14h, ser\u00e1 o emprego. Na minuta entregue pela categoria aos bancos est\u00e1 a manuten\u00e7\u00e3o do emprego como uma das prioridades. A preocupa\u00e7\u00e3o manifestada na [&hellip;]<\/p>\n","protected":false},"author":2,"featured_media":9365,"comment_status":"","ping_status":"","sticky":false,"template":"","format":"standard","meta":{"footnotes":""},"categories":[3],"tags":[],"class_list":["post-9366","post","type-post","status-publish","format-standard","has-post-thumbnail","hentry","category-noticias"],"_links":{"self":[{"href":"https:\/\/hostnetart.com.br\/baixada\/wp-json\/wp\/v2\/posts\/9366","targetHints":{"allow":["GET"]}}],"collection":[{"href":"https:\/\/hostnetart.com.br\/baixada\/wp-json\/wp\/v2\/posts"}],"about":[{"href":"https:\/\/hostnetart.com.br\/baixada\/wp-json\/wp\/v2\/types\/post"}],"author":[{"embeddable":true,"href":"https:\/\/hostnetart.com.br\/baixada\/wp-json\/wp\/v2\/users\/2"}],"replies":[{"embeddable":true,"href":"https:\/\/hostnetart.com.br\/baixada\/wp-json\/wp\/v2\/comments?post=9366"}],"version-history":[{"count":0,"href":"https:\/\/hostnetart.com.br\/baixada\/wp-json\/wp\/v2\/posts\/9366\/revisions"}],"wp:featuredmedia":[{"embeddable":true,"href":"https:\/\/hostnetart.com.br\/baixada\/wp-json\/wp\/v2\/media\/9365"}],"wp:attachment":[{"href":"https:\/\/hostnetart.com.br\/baixada\/wp-json\/wp\/v2\/media?parent=9366"}],"wp:term":[{"taxonomy":"category","embeddable":true,"href":"https:\/\/hostnetart.com.br\/baixada\/wp-json\/wp\/v2\/categories?post=9366"},{"taxonomy":"post_tag","embeddable":true,"href":"https:\/\/hostnetart.com.br\/baixada\/wp-json\/wp\/v2\/tags?post=9366"}],"curies":[{"name":"wp","href":"https:\/\/api.w.org\/{rel}","templated":true}]}}