{"id":9364,"date":"2020-08-05T20:43:29","date_gmt":"2020-08-05T23:43:29","guid":{"rendered":"https:\/\/hostnetart.com.br\/baixada\/contraf-cut-cobra-respeito-a-vida-dos-empregados-da-caixa\/"},"modified":"2020-08-05T20:43:29","modified_gmt":"2020-08-05T23:43:29","slug":"contraf-cut-cobra-respeito-a-vida-dos-empregados-da-caixa","status":"publish","type":"post","link":"https:\/\/hostnetart.com.br\/baixada\/contraf-cut-cobra-respeito-a-vida-dos-empregados-da-caixa\/","title":{"rendered":"Contraf-CUT cobra respeito a vida dos empregados da Caixa"},"content":{"rendered":"<p>A Comiss\u00e3o Executiva dos Empregados da Caixa (CEE\/ Caixa), que assessora a Confedera\u00e7\u00e3o Nacional dos Trabalhadores do Ramo Financeiro (Contraf-CUT), reivindica a amplia\u00e7\u00e3o dos protocolos de sa\u00fade e seguran\u00e7a para proteger efetivamente os empregados e as pessoas que moram com eles da contamina\u00e7\u00e3o de Covid-19. No in\u00edcio da pandemia foi negociado o home office para trabalhadores que coabitam com pessoas do grupo de risco. Entretanto, com a press\u00e3o e demanda da gest\u00e3o da Caixa, isso foi acabando.<\/p>\n<p>\u201cA realidade pede que isso seja revisto, pois existem situa\u00e7\u00f5es extremamente cr\u00edticas e de alt\u00edssima vulnerabilidade. A implementa\u00e7\u00e3o de protocolo considerando pessoas que coabitam com pessoas de grupo de risco garante qualidade da sa\u00fade e vida de milhares de colegas e familiares\u201d, afirmou Fabiana Uehara Proscholdt, coordenadora da CEE\/ Caixa e secret\u00e1ria da Cultura da Confedera\u00e7\u00e3o Nacional dos Trabalhadores do Ramo Financeiro (Contraf-CUT).<\/p>\n<p>\u201cH\u00e1 relatos de situa\u00e7\u00f5es de colegas que coabitam com pais idosos e cr\u00f4nicos, com imunodeprimidos, que lutam contra o c\u00e2ncer, por exemplo, e que o isolamento social poder\u00e1 significar a diferen\u00e7a entre continuar a proteger-se para viver ou morrer. Isso \u00e9 urgente!\u201d, completou Fabiana, ao explicar que a demanda foi apresentada no fim da tarde de ter\u00e7a-feira (5). \u201cAguardamos o retorno o quanto antes\u201d, finalizou.<\/p>\n<p><strong>Fonte: Contraf-CUT<\/strong><\/p>\n","protected":false},"excerpt":{"rendered":"<p>A Comiss\u00e3o Executiva dos Empregados da Caixa (CEE\/ Caixa), que assessora a Confedera\u00e7\u00e3o Nacional dos Trabalhadores do Ramo Financeiro (Contraf-CUT), reivindica a amplia\u00e7\u00e3o dos protocolos de sa\u00fade e seguran\u00e7a para proteger efetivamente os empregados e as pessoas que moram com eles da contamina\u00e7\u00e3o de Covid-19. No in\u00edcio da pandemia foi negociado o home office para [&hellip;]<\/p>\n","protected":false},"author":2,"featured_media":9363,"comment_status":"","ping_status":"","sticky":false,"template":"","format":"standard","meta":{"footnotes":""},"categories":[3],"tags":[],"class_list":["post-9364","post","type-post","status-publish","format-standard","has-post-thumbnail","hentry","category-noticias"],"_links":{"self":[{"href":"https:\/\/hostnetart.com.br\/baixada\/wp-json\/wp\/v2\/posts\/9364","targetHints":{"allow":["GET"]}}],"collection":[{"href":"https:\/\/hostnetart.com.br\/baixada\/wp-json\/wp\/v2\/posts"}],"about":[{"href":"https:\/\/hostnetart.com.br\/baixada\/wp-json\/wp\/v2\/types\/post"}],"author":[{"embeddable":true,"href":"https:\/\/hostnetart.com.br\/baixada\/wp-json\/wp\/v2\/users\/2"}],"replies":[{"embeddable":true,"href":"https:\/\/hostnetart.com.br\/baixada\/wp-json\/wp\/v2\/comments?post=9364"}],"version-history":[{"count":0,"href":"https:\/\/hostnetart.com.br\/baixada\/wp-json\/wp\/v2\/posts\/9364\/revisions"}],"wp:featuredmedia":[{"embeddable":true,"href":"https:\/\/hostnetart.com.br\/baixada\/wp-json\/wp\/v2\/media\/9363"}],"wp:attachment":[{"href":"https:\/\/hostnetart.com.br\/baixada\/wp-json\/wp\/v2\/media?parent=9364"}],"wp:term":[{"taxonomy":"category","embeddable":true,"href":"https:\/\/hostnetart.com.br\/baixada\/wp-json\/wp\/v2\/categories?post=9364"},{"taxonomy":"post_tag","embeddable":true,"href":"https:\/\/hostnetart.com.br\/baixada\/wp-json\/wp\/v2\/tags?post=9364"}],"curies":[{"name":"wp","href":"https:\/\/api.w.org\/{rel}","templated":true}]}}