{"id":9352,"date":"2020-08-03T19:28:08","date_gmt":"2020-08-03T22:28:08","guid":{"rendered":"https:\/\/hostnetart.com.br\/baixada\/nesta-terca-feira-tem-negociacao-da-campanha\/"},"modified":"2020-08-03T19:28:08","modified_gmt":"2020-08-03T22:28:08","slug":"nesta-terca-feira-tem-negociacao-da-campanha","status":"publish","type":"post","link":"https:\/\/hostnetart.com.br\/baixada\/nesta-terca-feira-tem-negociacao-da-campanha\/","title":{"rendered":"Nesta ter\u00e7a-feira tem negocia\u00e7\u00e3o da campanha"},"content":{"rendered":"<p>Nesta ter\u00e7a-feira (4) vai haver a segunda rodada de negocia\u00e7\u00f5es entre o Comando Nacional dos Banc\u00e1rios e representantes da Federa\u00e7\u00e3o Nacional dos Bancos (Fenaban). O encontro, que ser\u00e1 realizado por videoconfer\u00eancia, vai discutir o teletrabalho, um dos pontos da minuta entregue aos bancos no m\u00eas passado. Entre as reivindica\u00e7\u00f5es est\u00e1 a de aumento real de 5%, manuten\u00e7\u00e3o dos direitos, dos empregos e da mesa \u00fanica de negocia\u00e7\u00f5es, al\u00e9m de quest\u00f5es referentes \u00e0 sa\u00fade dos trabalhadores e tamb\u00e9m normas para o teletrabalho.<\/p>\n<p>As reivindica\u00e7\u00f5es tomaram por base a consulta feita pela Contraf-CUT com quase 30 mil banc\u00e1rios. Na consulta, 71% dos entrevistados disseram que a prioridade era o aumento real de sal\u00e1rio. Nas cl\u00e1usulas sociais, 79,7% das respostas apontaram a manuten\u00e7\u00e3o dos direitos como prioridade. Quando a quest\u00e3o \u00e9 a defesa da sa\u00fade e melhores condi\u00e7\u00f5es de trabalho, 69,1% dizem que se trata de prioridade. Ainda esta semana, no dia 6, haver\u00e1 nova rodada de negocia\u00e7\u00f5es e o tema ser\u00e1 a defesa do emprego.<\/p>\n<p>\u00a0<\/p>\n<h2>Veja o calend\u00e1rio das pr\u00f3ximas negocia\u00e7\u00f5es<\/h2>\n<p>\u00a0<\/p>\n<p>\u2022 Dia 06\/08 \u2013 14h \u2013 Emprego<\/p>\n<p>\u2022 Dia 11\/08 \u2013 14h\/16h \u2013 Sa\u00fade e Condi\u00e7\u00f5es de trabalho<\/p>\n<p>\u2022 Dia 13\/08 \u2013 11h \u2013 Igualdade de oportunidades<\/p>\n<p>\u2022 Dia 14\/08 \u2013 11h \u2013 Cl\u00e1usulas Sociais<\/p>\n<p>\u2022 Dia 18\/08 \u2013 11h\/13h \u2013 Cl\u00e1usulas Econ\u00f4micas<\/p>\n<p>\u00a0<\/p>\n<p><strong>Fonte: Contraf-CUT<\/strong><\/p>\n","protected":false},"excerpt":{"rendered":"<p>Nesta ter\u00e7a-feira (4) vai haver a segunda rodada de negocia\u00e7\u00f5es entre o Comando Nacional dos Banc\u00e1rios e representantes da Federa\u00e7\u00e3o Nacional dos Bancos (Fenaban). O encontro, que ser\u00e1 realizado por videoconfer\u00eancia, vai discutir o teletrabalho, um dos pontos da minuta entregue aos bancos no m\u00eas passado. Entre as reivindica\u00e7\u00f5es est\u00e1 a de aumento real de [&hellip;]<\/p>\n","protected":false},"author":2,"featured_media":9351,"comment_status":"","ping_status":"","sticky":false,"template":"","format":"standard","meta":{"footnotes":""},"categories":[3],"tags":[],"class_list":["post-9352","post","type-post","status-publish","format-standard","has-post-thumbnail","hentry","category-noticias"],"_links":{"self":[{"href":"https:\/\/hostnetart.com.br\/baixada\/wp-json\/wp\/v2\/posts\/9352","targetHints":{"allow":["GET"]}}],"collection":[{"href":"https:\/\/hostnetart.com.br\/baixada\/wp-json\/wp\/v2\/posts"}],"about":[{"href":"https:\/\/hostnetart.com.br\/baixada\/wp-json\/wp\/v2\/types\/post"}],"author":[{"embeddable":true,"href":"https:\/\/hostnetart.com.br\/baixada\/wp-json\/wp\/v2\/users\/2"}],"replies":[{"embeddable":true,"href":"https:\/\/hostnetart.com.br\/baixada\/wp-json\/wp\/v2\/comments?post=9352"}],"version-history":[{"count":0,"href":"https:\/\/hostnetart.com.br\/baixada\/wp-json\/wp\/v2\/posts\/9352\/revisions"}],"wp:featuredmedia":[{"embeddable":true,"href":"https:\/\/hostnetart.com.br\/baixada\/wp-json\/wp\/v2\/media\/9351"}],"wp:attachment":[{"href":"https:\/\/hostnetart.com.br\/baixada\/wp-json\/wp\/v2\/media?parent=9352"}],"wp:term":[{"taxonomy":"category","embeddable":true,"href":"https:\/\/hostnetart.com.br\/baixada\/wp-json\/wp\/v2\/categories?post=9352"},{"taxonomy":"post_tag","embeddable":true,"href":"https:\/\/hostnetart.com.br\/baixada\/wp-json\/wp\/v2\/tags?post=9352"}],"curies":[{"name":"wp","href":"https:\/\/api.w.org\/{rel}","templated":true}]}}