{"id":9348,"date":"2020-08-03T14:42:10","date_gmt":"2020-08-03T17:42:10","guid":{"rendered":"https:\/\/hostnetart.com.br\/baixada\/cee-da-caixa-tem-mudanca-na-coordenacao\/"},"modified":"2020-08-03T14:42:10","modified_gmt":"2020-08-03T17:42:10","slug":"cee-da-caixa-tem-mudanca-na-coordenacao","status":"publish","type":"post","link":"https:\/\/hostnetart.com.br\/baixada\/cee-da-caixa-tem-mudanca-na-coordenacao\/","title":{"rendered":"CEE da Caixa tem mudan\u00e7a na coordena\u00e7\u00e3o"},"content":{"rendered":"<p>Na reuni\u00e3o desta sexta-feira do Comando Nacional dos Banc\u00e1ri@s\u00a0foi anunciada a substitui\u00e7\u00e3o na coordena\u00e7\u00e3o da Comiss\u00e3o Executiva (CEE) dos Empregados da Caixa Econ\u00f4mica Federal. Dion\u00edsio Reis, diretor do Sindicato dos Banc\u00e1ri@s\u00a0de S\u00e3o Paulo, Osasco e Regi\u00e3o, anunciou sua sa\u00edda da coordena\u00e7\u00e3o, que ser\u00e1 ocupado pela diretora do Sindicato dos banc\u00e1ri@s\u00a0de Bras\u00edlia, Fabiana Uehara Proscholdt.<\/p>\n<p>\u201cA gente acompanha esse trabalho desde 2016, no momento do golpe. Precisamos inventar uma nova forma de fazer a executiva dos empregados, de cobrar e garantir os direitos dos empregados. Tenho muito orgulho de ter participado desse momento e de ter moldado os trilhos que permitem fazermos uma s\u00e9rie de discuss\u00f5es atualmente. Agrade\u00e7o \u00e0 coordena\u00e7\u00e3o, \u00e0 Juvandia Moreira (presidenta da Confedera\u00e7\u00e3o Nacional dos Trabalhadores do Setor Financeiro \u2013 Contraf-CUT e da coordena\u00e7\u00e3o do Comando Nacional) e \u00e0 Ivone Silva (presidenta do Sindicato dos Banc\u00e1rios de S\u00e3o Paulo, Osasco e Regi\u00e3o e tamb\u00e9m da coordena\u00e7\u00e3o do Comando Nacional) pelo aprendizado\u201d, disse Dion\u00edsio que coordenou a CEE da Caixa por quatro anos, mas permanece com integrante da comiss\u00e3o.<\/p>\n<p>\u201c\u00c9 uma baita responsabilidade e eu agrade\u00e7o a confian\u00e7a que foi depositada em mim pela Juvandia , pela Ivone , pelo Sindicato dos Banc\u00e1ri@s\u00a0de Bras\u00edlia e por todos os colegas. J\u00e1 acompanho o Dion\u00edsio h\u00e1 um tempo. Ele fez um trabalho fant\u00e1stico enquanto coordenador. Vale ressaltar que vamos continuar trabalhando juntos. Nosso foco sempre \u00e9 defender os trabalhadores da Caixa, seus direitos e o pr\u00f3prio banco enquanto empresa 100% p\u00fablica. Temos uma Campanha Nacional pela frente e espero contar com todos os colegas da Caixa unidos e mobilizados\u201d, declarou Fabiana.<\/p>\n<p><strong>Fonte: Contraf-CUT<\/strong><\/p>\n","protected":false},"excerpt":{"rendered":"<p>Na reuni\u00e3o desta sexta-feira do Comando Nacional dos Banc\u00e1ri@s\u00a0foi anunciada a substitui\u00e7\u00e3o na coordena\u00e7\u00e3o da Comiss\u00e3o Executiva (CEE) dos Empregados da Caixa Econ\u00f4mica Federal. Dion\u00edsio Reis, diretor do Sindicato dos Banc\u00e1ri@s\u00a0de S\u00e3o Paulo, Osasco e Regi\u00e3o, anunciou sua sa\u00edda da coordena\u00e7\u00e3o, que ser\u00e1 ocupado pela diretora do Sindicato dos banc\u00e1ri@s\u00a0de Bras\u00edlia, Fabiana Uehara Proscholdt. \u201cA [&hellip;]<\/p>\n","protected":false},"author":2,"featured_media":9347,"comment_status":"","ping_status":"","sticky":false,"template":"","format":"standard","meta":{"footnotes":""},"categories":[3],"tags":[],"class_list":["post-9348","post","type-post","status-publish","format-standard","has-post-thumbnail","hentry","category-noticias"],"_links":{"self":[{"href":"https:\/\/hostnetart.com.br\/baixada\/wp-json\/wp\/v2\/posts\/9348","targetHints":{"allow":["GET"]}}],"collection":[{"href":"https:\/\/hostnetart.com.br\/baixada\/wp-json\/wp\/v2\/posts"}],"about":[{"href":"https:\/\/hostnetart.com.br\/baixada\/wp-json\/wp\/v2\/types\/post"}],"author":[{"embeddable":true,"href":"https:\/\/hostnetart.com.br\/baixada\/wp-json\/wp\/v2\/users\/2"}],"replies":[{"embeddable":true,"href":"https:\/\/hostnetart.com.br\/baixada\/wp-json\/wp\/v2\/comments?post=9348"}],"version-history":[{"count":0,"href":"https:\/\/hostnetart.com.br\/baixada\/wp-json\/wp\/v2\/posts\/9348\/revisions"}],"wp:featuredmedia":[{"embeddable":true,"href":"https:\/\/hostnetart.com.br\/baixada\/wp-json\/wp\/v2\/media\/9347"}],"wp:attachment":[{"href":"https:\/\/hostnetart.com.br\/baixada\/wp-json\/wp\/v2\/media?parent=9348"}],"wp:term":[{"taxonomy":"category","embeddable":true,"href":"https:\/\/hostnetart.com.br\/baixada\/wp-json\/wp\/v2\/categories?post=9348"},{"taxonomy":"post_tag","embeddable":true,"href":"https:\/\/hostnetart.com.br\/baixada\/wp-json\/wp\/v2\/tags?post=9348"}],"curies":[{"name":"wp","href":"https:\/\/api.w.org\/{rel}","templated":true}]}}