{"id":9346,"date":"2020-08-03T14:40:45","date_gmt":"2020-08-03T17:40:45","guid":{"rendered":"https:\/\/hostnetart.com.br\/baixada\/funcionarios-entregam-minuta-de-reivindicacoes-para-o-banco-do-brasil\/"},"modified":"2020-08-03T14:40:45","modified_gmt":"2020-08-03T17:40:45","slug":"funcionarios-entregam-minuta-de-reivindicacoes-para-o-banco-do-brasil","status":"publish","type":"post","link":"https:\/\/hostnetart.com.br\/baixada\/funcionarios-entregam-minuta-de-reivindicacoes-para-o-banco-do-brasil\/","title":{"rendered":"Funcion\u00e1rios entregam minuta de reivindica\u00e7\u00f5es para o Banco do Brasil"},"content":{"rendered":"<p>O Comando Nacional dos Banc\u00e1rios e a Comiss\u00e3o de Empresa dos Funcion\u00e1rios do Banco do Brasil entregaram, na tarde desta sexta-feira (31), a minuta de reivindica\u00e7\u00f5es para o Acordo Coletivo de Trabalho dos funcion\u00e1rios do BB. As reivindica\u00e7\u00f5es foram definidas no\u00a0<a href=\"https:\/\/contrafcut.com.br\/noticias\/funcionarios-do-banco-do-brasil-definem-reivindicacoes-especificas-para-a-campanha-nacional-dos-bancarios\/\" target=\"_blank\" rel=\"noopener noreferrer\">31\u00ba Congresso dos Funcion\u00e1rios do banco<\/a>, realizado no dia 12 deste m\u00eas. A entrega ocorreu logo ap\u00f3s a\u00a0<a href=\"https:\/\/contrafcut.com.br\/noticias\/definido-o-calendario-de-negociacoes-da-campanha-dos-bancaris\/\" target=\"_blank\" rel=\"noopener noreferrer\">reuni\u00e3o que definiu o calend\u00e1rio das negocia\u00e7\u00f5es<\/a>\u00a0sobre a Conven\u00e7\u00e3o Coletiva de Trabalho da categoria banc\u00e1ria.<\/p>\n<p>\u201cMesmo com o isolamento social, conseguimos debater amplamente a minuta em reuni\u00f5es virtuais nos diferentes \u00e2mbitos e, depois, durante nosso 31\u00ba Congresso Nacional. Ela carrega os anseios dos funcion\u00e1rios, que est\u00e3o mobilizados para as negocia\u00e7\u00f5es e para a defesa dos seus direitos e empregos\u201d, afirmou o coordenador da CEBB, Jo\u00e3o Fukunaga.<\/p>\n<p>A luta contra a privatiza\u00e7\u00e3o, com a defesa do car\u00e1ter p\u00fablico do BB; a manuten\u00e7\u00e3o da mesa \u00fanica de negocia\u00e7\u00f5es com a Fenaban; a manuten\u00e7\u00e3o dos direitos dos funcion\u00e1rios; e a regula\u00e7\u00e3o do teletrabalho est\u00e3o entre as principais reivindica\u00e7\u00f5es da minuta espec\u00edfica dos funcion\u00e1rios do BB.<\/p>\n<h3>Import\u00e2ncia do banco<\/h3>\n<p>A presidenta do Sindicato dos Banc\u00e1rios de S\u00e3o Paulo, Osasco e Regi\u00e3o, Ivone Silva, uma das coordenadoras do Comando Nacional, tamb\u00e9m destacou a import\u00e2ncia da defini\u00e7\u00e3o da pauta no 31\u00ba Congresso dos Funcion\u00e1rios do Banco do Brasil. \u201cEssa pauta foi feita pelos funcion\u00e1rios do Banco do Brasil, que \u00e9 important\u00edssimo para o desenvolvimento social e econ\u00f4mico do pa\u00eds e para garantir o atendimento banc\u00e1rio em v\u00e1rios munic\u00edpios onde n\u00e3o existem outros bancos\u201d, disse.<\/p>\n<p>J\u00e1 a presidenta da Confedera\u00e7\u00e3o Nacional dos Trabalhadores do Ramo Financeiro (Contraf-CUT), Juvandia Moreira, tamb\u00e9m coordenadora do Comando Nacional dos Banc\u00e1rios, destacou a import\u00e2ncia da presen\u00e7a do BB na\u00a0<a href=\"https:\/\/spbancarios.com.br\/07\/2020\/bancarios-do-banco-do-brasil-defendem-mesa-unica-de-negociacao-com-fenaban\" target=\"_blank\" rel=\"noopener noreferrer\">mesa \u00fanica de negocia\u00e7\u00f5es<\/a>\u00a0e a defesa do car\u00e1ter p\u00fablico do banco.<\/p>\n<p>\u201cA participa\u00e7\u00e3o da dire\u00e7\u00e3o do banco na mesa \u00fanica \u00e9 algo que ocorre ao longo de muitos anos, desde 2003. Voc\u00eas sabem bem nossa defesa dos bancos p\u00fablicos que est\u00e1 na minuta entregue hoje\u201d, disse Juvandia Moreira.<\/p>\n<p>A primeira reuni\u00e3o de negocia\u00e7\u00f5es com o Banco do Brasil foi agendada para o dia 5\/8, \u00e0s 14h. Estar\u00e1 em pauta a regulamenta\u00e7\u00e3o sobre teletrabalho.<\/p>\n<p><strong>Fonte: Contraf-CUT<\/strong><\/p>\n","protected":false},"excerpt":{"rendered":"<p>O Comando Nacional dos Banc\u00e1rios e a Comiss\u00e3o de Empresa dos Funcion\u00e1rios do Banco do Brasil entregaram, na tarde desta sexta-feira (31), a minuta de reivindica\u00e7\u00f5es para o Acordo Coletivo de Trabalho dos funcion\u00e1rios do BB. As reivindica\u00e7\u00f5es foram definidas no\u00a031\u00ba Congresso dos Funcion\u00e1rios do banco, realizado no dia 12 deste m\u00eas. A entrega ocorreu [&hellip;]<\/p>\n","protected":false},"author":2,"featured_media":9345,"comment_status":"","ping_status":"","sticky":false,"template":"","format":"standard","meta":{"footnotes":""},"categories":[3],"tags":[],"class_list":["post-9346","post","type-post","status-publish","format-standard","has-post-thumbnail","hentry","category-noticias"],"_links":{"self":[{"href":"https:\/\/hostnetart.com.br\/baixada\/wp-json\/wp\/v2\/posts\/9346","targetHints":{"allow":["GET"]}}],"collection":[{"href":"https:\/\/hostnetart.com.br\/baixada\/wp-json\/wp\/v2\/posts"}],"about":[{"href":"https:\/\/hostnetart.com.br\/baixada\/wp-json\/wp\/v2\/types\/post"}],"author":[{"embeddable":true,"href":"https:\/\/hostnetart.com.br\/baixada\/wp-json\/wp\/v2\/users\/2"}],"replies":[{"embeddable":true,"href":"https:\/\/hostnetart.com.br\/baixada\/wp-json\/wp\/v2\/comments?post=9346"}],"version-history":[{"count":0,"href":"https:\/\/hostnetart.com.br\/baixada\/wp-json\/wp\/v2\/posts\/9346\/revisions"}],"wp:featuredmedia":[{"embeddable":true,"href":"https:\/\/hostnetart.com.br\/baixada\/wp-json\/wp\/v2\/media\/9345"}],"wp:attachment":[{"href":"https:\/\/hostnetart.com.br\/baixada\/wp-json\/wp\/v2\/media?parent=9346"}],"wp:term":[{"taxonomy":"category","embeddable":true,"href":"https:\/\/hostnetart.com.br\/baixada\/wp-json\/wp\/v2\/categories?post=9346"},{"taxonomy":"post_tag","embeddable":true,"href":"https:\/\/hostnetart.com.br\/baixada\/wp-json\/wp\/v2\/tags?post=9346"}],"curies":[{"name":"wp","href":"https:\/\/api.w.org\/{rel}","templated":true}]}}