{"id":9344,"date":"2020-08-03T14:39:50","date_gmt":"2020-08-03T17:39:50","guid":{"rendered":"https:\/\/hostnetart.com.br\/baixada\/coe-bradesco-cobra-reuniao-para-discutir-fechamento-de-agencias\/"},"modified":"2020-08-03T14:39:50","modified_gmt":"2020-08-03T17:39:50","slug":"coe-bradesco-cobra-reuniao-para-discutir-fechamento-de-agencias","status":"publish","type":"post","link":"https:\/\/hostnetart.com.br\/baixada\/coe-bradesco-cobra-reuniao-para-discutir-fechamento-de-agencias\/","title":{"rendered":"COE Bradesco cobra reuni\u00e3o para discutir fechamento de ag\u00eancias"},"content":{"rendered":"<ul>\n<li>Bradesco anuncia que deve fechar mais de 400 ag\u00eancias este ano<\/li>\n<li>Banco tamb\u00e9m informa suspens\u00e3o do fornecimento de lanches<\/li>\n<li>COE Bradesco cobra reuni\u00e3o<\/li>\n<li>Al\u00e9m dos dois pontos, garantia do emprego est\u00e1 na pauta<\/li>\n<\/ul>\n<p>A Comiss\u00e3o de Organiza\u00e7\u00e3o dos Empregados (COE) do Bradesco reivindica a abertura de negocia\u00e7\u00f5es sobre o fechamento de ag\u00eancias. Na quinta-feira (30), reportagem publicada pelo jornal Valor Econ\u00f4mico, com o t\u00edtulo \u201cBradesco deve fechar mais de 400 ag\u00eancias este ano\u201d, traz uma afirma\u00e7\u00e3o do presidente do banco, Oct\u00e1vio de Lazari, de que o ajuste na estrutura f\u00edsica do banco vai continuar de forma intensa em 2020 e 2021.<\/p>\n<p>De acordo com o executivo, o fechamento de ag\u00eancias deve se intensificar no segundo semestre deste ano, em meio ao planejamento dos modelos de atendimento da institui\u00e7\u00e3o financeira.<\/p>\n<p>Segundo o texto, foram 414 fechamentos nos \u00faltimos 12 meses. \u201cA gente deve fechar mais de 400 ou transformar em unidades de neg\u00f3cios neste ano\u201d, afirmou Lazari. \u201cEm redu\u00e7\u00e3o de quadro de funcion\u00e1rios, n\u00e3o temos planos. Tem um turnover natural, mas o compromisso de n\u00e3o demitir\u201d.<\/p>\n<p>\u201cO Bradesco vem anunciando constantemente o fechamento de ag\u00eancias, que ultrapassa o n\u00famero informado em 2019. Isso em plena pandemia, o que vem causando p\u00e2nico e inseguran\u00e7a aos trabalhadores, num momento t\u00e3o dif\u00edcil\u201d, afirmou Magaly Fagundes, coordenadora do COE Bradesco.<\/p>\n<h3>Fornecimento de lanches<\/h3>\n<p>Os representantes dos trabalhadores v\u00e3o cobrar tamb\u00e9m a revoga\u00e7\u00e3o da suspens\u00e3o do fornecimento de lanche a partir do dia 01\/08 nos departamentos e ag\u00eancias, anunciado pelo Bradesco com a justificativa de desperd\u00edcio. \u201cN\u00e3o concordamos com a suspens\u00e3o, principalmente nas ag\u00eancias. N\u00e3o houve nenhuma negocia\u00e7\u00e3o, simplesmente fomos comunicados. Vamos solicitar uma reuni\u00e3o com o banco para tratar esses dois temas, al\u00e9m de outros pontos, como a garantia de emprego\u201d, finalizou Magaly.<\/p>\n<p><strong>Fonte: Contraf-CUT<\/strong><\/p>\n","protected":false},"excerpt":{"rendered":"<p>Bradesco anuncia que deve fechar mais de 400 ag\u00eancias este ano Banco tamb\u00e9m informa suspens\u00e3o do fornecimento de lanches COE Bradesco cobra reuni\u00e3o Al\u00e9m dos dois pontos, garantia do emprego est\u00e1 na pauta A Comiss\u00e3o de Organiza\u00e7\u00e3o dos Empregados (COE) do Bradesco reivindica a abertura de negocia\u00e7\u00f5es sobre o fechamento de ag\u00eancias. Na quinta-feira (30), [&hellip;]<\/p>\n","protected":false},"author":2,"featured_media":9343,"comment_status":"","ping_status":"","sticky":false,"template":"","format":"standard","meta":{"footnotes":""},"categories":[3],"tags":[],"class_list":["post-9344","post","type-post","status-publish","format-standard","has-post-thumbnail","hentry","category-noticias"],"_links":{"self":[{"href":"https:\/\/hostnetart.com.br\/baixada\/wp-json\/wp\/v2\/posts\/9344","targetHints":{"allow":["GET"]}}],"collection":[{"href":"https:\/\/hostnetart.com.br\/baixada\/wp-json\/wp\/v2\/posts"}],"about":[{"href":"https:\/\/hostnetart.com.br\/baixada\/wp-json\/wp\/v2\/types\/post"}],"author":[{"embeddable":true,"href":"https:\/\/hostnetart.com.br\/baixada\/wp-json\/wp\/v2\/users\/2"}],"replies":[{"embeddable":true,"href":"https:\/\/hostnetart.com.br\/baixada\/wp-json\/wp\/v2\/comments?post=9344"}],"version-history":[{"count":0,"href":"https:\/\/hostnetart.com.br\/baixada\/wp-json\/wp\/v2\/posts\/9344\/revisions"}],"wp:featuredmedia":[{"embeddable":true,"href":"https:\/\/hostnetart.com.br\/baixada\/wp-json\/wp\/v2\/media\/9343"}],"wp:attachment":[{"href":"https:\/\/hostnetart.com.br\/baixada\/wp-json\/wp\/v2\/media?parent=9344"}],"wp:term":[{"taxonomy":"category","embeddable":true,"href":"https:\/\/hostnetart.com.br\/baixada\/wp-json\/wp\/v2\/categories?post=9344"},{"taxonomy":"post_tag","embeddable":true,"href":"https:\/\/hostnetart.com.br\/baixada\/wp-json\/wp\/v2\/tags?post=9344"}],"curies":[{"name":"wp","href":"https:\/\/api.w.org\/{rel}","templated":true}]}}