{"id":9342,"date":"2020-08-03T14:37:47","date_gmt":"2020-08-03T17:37:47","guid":{"rendered":"https:\/\/hostnetart.com.br\/baixada\/empregados-da-caixa-lancam-carta-aberta-para-defender-banco-100-publico\/"},"modified":"2020-08-03T14:37:47","modified_gmt":"2020-08-03T17:37:47","slug":"empregados-da-caixa-lancam-carta-aberta-para-defender-banco-100-publico","status":"publish","type":"post","link":"https:\/\/hostnetart.com.br\/baixada\/empregados-da-caixa-lancam-carta-aberta-para-defender-banco-100-publico\/","title":{"rendered":"Empregados da Caixa lan\u00e7am carta aberta para defender banco 100% p\u00fablico"},"content":{"rendered":"<ul>\n<li>Empregados lan\u00e7am carta aberta \u00e0 popula\u00e7\u00e3o para defender Caixa 100% p\u00fablica<\/li>\n<li>Texto \u00e9 assinado pela Contraf-CUT, pela Fenae e pela Cee\/ Caixa<\/li>\n<li>O documento est\u00e1 dispon\u00edvel para download no site da Contraf-CUT<\/li>\n<\/ul>\n<p>Os empregados da Caixa Econ\u00f4mica Federal divulgaram nesta semana uma carta aberta \u00e0 popula\u00e7\u00e3o para defender que o banco continue 100% p\u00fablico. O texto, assinado pela Confedera\u00e7\u00e3o Nacional dos Trabalhadores do Ramo Financeiro (Contraf-CUT), pela Federa\u00e7\u00e3o Nacional das Pessoas pela Federa\u00e7\u00e3o Nacional das Associa\u00e7\u00f5es de Pessoal da Caixa Econ\u00f4mica Federal (Fenae) e pelo Comit\u00ea de Defesa da Caixa, desempenha um papel de banco de pandemia de coronav\u00edrus e afirma que j\u00e1 foram oferecidos mais de 120 milh\u00f5es de brasileiros em busca do aux\u00edlio emergencial, seguro desemprego e FGTS.<\/p>\n<p>\u201cOs funcion\u00e1rios da Caixa j\u00e1 atendem mais da metade da popula\u00e7\u00e3o brasileira, demonstrando ser imprescind\u00edvel como banco p\u00fablico e primordial em sua a\u00e7\u00e3o social. Defender uma Caixa, como banco p\u00fablico, passa tamb\u00e9m pelo reconhecimento de seus empregados e pela defesa de melhores condi\u00e7\u00f5es de trabalho \u201d, diz o documento.<\/p>\n<p>Os funcion\u00e1rios criticam \u201ccomo fragilidades\u201d as a\u00e7\u00f5es do governo Bolsonaro no combate \u00e0 covid-19 e ao enfrentar crises econ\u00f4micas e enfatizam o papel do banco p\u00fablico nesse contexto.<\/p>\n<p>\u201cO que seria o pa\u00eds, nessa calamidade, seria uma caixa n\u00e3o mantida p\u00fablica ao longo de tantos anos? Se seus empregados, ontem e hoje, ao lado das entidades que representam, n\u00e3o lutam para impedir a venda e a privatiza\u00e7\u00e3o da institui\u00e7\u00e3o? Quem, neste momento, est\u00e1 efetuando t\u00e3o \u00e1rdua tarefa? \u201d<\/p>\n<p>O material pode ser lido\u00a0<a href=\"https:\/\/contrafcut.com.br\/publicacoes\/carta-aberta-a-populacao-em-defesa-da-caixa-100-publica\/\">aqui<\/a>, est\u00e1 dispon\u00edvel para download na \u00e1rea de acesso restrito do site ser\u00e1 enviado por comunicado aos sindicatos e federa\u00e7\u00f5es.<\/p>\n<p><strong>Fonte: Contraf-CUT<\/strong><\/p>\n","protected":false},"excerpt":{"rendered":"<p>Empregados lan\u00e7am carta aberta \u00e0 popula\u00e7\u00e3o para defender Caixa 100% p\u00fablica Texto \u00e9 assinado pela Contraf-CUT, pela Fenae e pela Cee\/ Caixa O documento est\u00e1 dispon\u00edvel para download no site da Contraf-CUT Os empregados da Caixa Econ\u00f4mica Federal divulgaram nesta semana uma carta aberta \u00e0 popula\u00e7\u00e3o para defender que o banco continue 100% p\u00fablico. O [&hellip;]<\/p>\n","protected":false},"author":2,"featured_media":9341,"comment_status":"","ping_status":"","sticky":false,"template":"","format":"standard","meta":{"footnotes":""},"categories":[3],"tags":[],"class_list":["post-9342","post","type-post","status-publish","format-standard","has-post-thumbnail","hentry","category-noticias"],"_links":{"self":[{"href":"https:\/\/hostnetart.com.br\/baixada\/wp-json\/wp\/v2\/posts\/9342","targetHints":{"allow":["GET"]}}],"collection":[{"href":"https:\/\/hostnetart.com.br\/baixada\/wp-json\/wp\/v2\/posts"}],"about":[{"href":"https:\/\/hostnetart.com.br\/baixada\/wp-json\/wp\/v2\/types\/post"}],"author":[{"embeddable":true,"href":"https:\/\/hostnetart.com.br\/baixada\/wp-json\/wp\/v2\/users\/2"}],"replies":[{"embeddable":true,"href":"https:\/\/hostnetart.com.br\/baixada\/wp-json\/wp\/v2\/comments?post=9342"}],"version-history":[{"count":0,"href":"https:\/\/hostnetart.com.br\/baixada\/wp-json\/wp\/v2\/posts\/9342\/revisions"}],"wp:featuredmedia":[{"embeddable":true,"href":"https:\/\/hostnetart.com.br\/baixada\/wp-json\/wp\/v2\/media\/9341"}],"wp:attachment":[{"href":"https:\/\/hostnetart.com.br\/baixada\/wp-json\/wp\/v2\/media?parent=9342"}],"wp:term":[{"taxonomy":"category","embeddable":true,"href":"https:\/\/hostnetart.com.br\/baixada\/wp-json\/wp\/v2\/categories?post=9342"},{"taxonomy":"post_tag","embeddable":true,"href":"https:\/\/hostnetart.com.br\/baixada\/wp-json\/wp\/v2\/tags?post=9342"}],"curies":[{"name":"wp","href":"https:\/\/api.w.org\/{rel}","templated":true}]}}