{"id":9340,"date":"2020-08-01T01:13:53","date_gmt":"2020-08-01T04:13:53","guid":{"rendered":"https:\/\/hostnetart.com.br\/baixada\/apos-reuniao-comando-nacional-fecha-calendario-de-negociacoes-com-a-fenaban\/"},"modified":"2020-08-01T01:13:53","modified_gmt":"2020-08-01T04:13:53","slug":"apos-reuniao-comando-nacional-fecha-calendario-de-negociacoes-com-a-fenaban","status":"publish","type":"post","link":"https:\/\/hostnetart.com.br\/baixada\/apos-reuniao-comando-nacional-fecha-calendario-de-negociacoes-com-a-fenaban\/","title":{"rendered":"Ap\u00f3s reuni\u00e3o, Comando Nacional fecha calend\u00e1rio de negocia\u00e7\u00f5es com a Fenaban"},"content":{"rendered":"<div class=\"entry-content\">\n<p>Nesta sexta-feira, dia 31 de julho,\u00a0representantes do Comando Nacional do Banc\u00e1rios se reuniram virtualmente com a Comiss\u00e3o de Negocia\u00e7\u00e3o da Federa\u00e7\u00e3o Nacional dos Bancos (Fenaban).<\/p>\n<p>Foi a segunda reuni\u00e3o e, como previsto, foram definidos o calend\u00e1rio e as pautas tem\u00e1ticas que ser\u00e3o tratadas nas primeiras reuni\u00f5es. Durante o m\u00eas de agosto, est\u00e3o previstas 12 reuni\u00f5es (consultar calend\u00e1rio ao fim da mat\u00e9ria).<\/p>\n<p>Pela primeira vez, o Sindicato dos Banc\u00e1rios da Baixada Fluminense participou de uma mesa de negocia\u00e7\u00e3o com a Fenaban. O Sindicato esteve representado pelo Coordenador Geral, Alcyon Costa. Um feito hist\u00f3rico, em termos de representatividade, para banc\u00e1rias e banc\u00e1rios da Baixada Fluminense que tiveram um porta-voz de forma direta desta vez.<\/p>\n<p>&#8220;O foco ser\u00e3o os dois temas centrais da Campanha Nacional deste ano: home office e emprego. A pandemia do Covid19 tem sobrecarregado banc\u00e1rias e banc\u00e1rios. Devemos assegurar que empregos ser\u00e3o mantidos e nenhum direito ou conquista ser\u00e1 perdida&#8221;, analisou Alcyon.<\/p>\n<p>A pr\u00f3xima reuni\u00e3o acontecer\u00e1 na pr\u00f3xima ter\u00e7a-feira, dia 4, e vai discutir o teletrabalho ou home office. Na quinta, 06, o tema \u00e9 emprego.<\/p>\n<p>Ap\u00f3s a reuni\u00e3o com a Fenaban, o Comando Nacional dos Banc\u00e1rios entregou aos representes do Banco do Brasil a minuta espec\u00edfica com as propostas dos empregados do banco. Os representantes receberam a minuta e prometeram analis\u00e1-la, sinalizando que est\u00e3o abertos para iniciar as negocia\u00e7\u00f5es.<\/p>\n<p>Os representes da Caixa que estiveram ausentes na reuni\u00e3o passada, marcaram presen\u00e7a desta vez. Eles informaram que receberam a minuta da Caixa (por e-mail), que deveria ser entregue ao banco na reuni\u00e3o anterior. O Comando Nacional, por\u00e9m, insistiu em fazer a entrega formal da minuta \u00e0 Caixa.<\/p>\n<p>\u00a0<\/p>\n<p><a href=\"https:\/\/www.bancarios-es.org.br\/wp-content\/uploads\/2020\/07\/310720_calendario_comando_fenaban-1.jpg\"><img fetchpriority=\"high\" decoding=\"async\" class=\"aligncenter size-full wp-image-12307\" src=\"https:\/\/www.bancarios-es.org.br\/wp-content\/uploads\/2020\/07\/310720_calendario_comando_fenaban-1.jpg\" sizes=\"(max-width: 495px) 100vw, 495px\" srcset=\"https:\/\/www.bancarios-es.org.br\/wp-content\/uploads\/2020\/07\/310720_calendario_comando_fenaban-1.jpg 495w, https:\/\/www.bancarios-es.org.br\/wp-content\/uploads\/2020\/07\/310720_calendario_comando_fenaban-1-300x291.jpg 300w\" alt=\"\" width=\"495\" height=\"480\" \/><\/a><\/p>\n<p>\u00a0<\/p>\n<\/div>\n","protected":false},"excerpt":{"rendered":"<p>Nesta sexta-feira, dia 31 de julho,\u00a0representantes do Comando Nacional do Banc\u00e1rios se reuniram virtualmente com a Comiss\u00e3o de Negocia\u00e7\u00e3o da Federa\u00e7\u00e3o Nacional dos Bancos (Fenaban). Foi a segunda reuni\u00e3o e, como previsto, foram definidos o calend\u00e1rio e as pautas tem\u00e1ticas que ser\u00e3o tratadas nas primeiras reuni\u00f5es. Durante o m\u00eas de agosto, est\u00e3o previstas 12 reuni\u00f5es [&hellip;]<\/p>\n","protected":false},"author":2,"featured_media":9339,"comment_status":"","ping_status":"","sticky":false,"template":"","format":"standard","meta":{"footnotes":""},"categories":[3],"tags":[],"class_list":["post-9340","post","type-post","status-publish","format-standard","has-post-thumbnail","hentry","category-noticias"],"_links":{"self":[{"href":"https:\/\/hostnetart.com.br\/baixada\/wp-json\/wp\/v2\/posts\/9340","targetHints":{"allow":["GET"]}}],"collection":[{"href":"https:\/\/hostnetart.com.br\/baixada\/wp-json\/wp\/v2\/posts"}],"about":[{"href":"https:\/\/hostnetart.com.br\/baixada\/wp-json\/wp\/v2\/types\/post"}],"author":[{"embeddable":true,"href":"https:\/\/hostnetart.com.br\/baixada\/wp-json\/wp\/v2\/users\/2"}],"replies":[{"embeddable":true,"href":"https:\/\/hostnetart.com.br\/baixada\/wp-json\/wp\/v2\/comments?post=9340"}],"version-history":[{"count":0,"href":"https:\/\/hostnetart.com.br\/baixada\/wp-json\/wp\/v2\/posts\/9340\/revisions"}],"wp:featuredmedia":[{"embeddable":true,"href":"https:\/\/hostnetart.com.br\/baixada\/wp-json\/wp\/v2\/media\/9339"}],"wp:attachment":[{"href":"https:\/\/hostnetart.com.br\/baixada\/wp-json\/wp\/v2\/media?parent=9340"}],"wp:term":[{"taxonomy":"category","embeddable":true,"href":"https:\/\/hostnetart.com.br\/baixada\/wp-json\/wp\/v2\/categories?post=9340"},{"taxonomy":"post_tag","embeddable":true,"href":"https:\/\/hostnetart.com.br\/baixada\/wp-json\/wp\/v2\/tags?post=9340"}],"curies":[{"name":"wp","href":"https:\/\/api.w.org\/{rel}","templated":true}]}}