{"id":9338,"date":"2020-07-31T14:14:17","date_gmt":"2020-07-31T17:14:17","guid":{"rendered":"https:\/\/hostnetart.com.br\/baixada\/sindicatos-internacionais-rejeitam-weintraub-na-diretoria-do-banco-mundial\/"},"modified":"2020-07-31T14:14:17","modified_gmt":"2020-07-31T17:14:17","slug":"sindicatos-internacionais-rejeitam-weintraub-na-diretoria-do-banco-mundial","status":"publish","type":"post","link":"https:\/\/hostnetart.com.br\/baixada\/sindicatos-internacionais-rejeitam-weintraub-na-diretoria-do-banco-mundial\/","title":{"rendered":"Sindicatos internacionais rejeitam Weintraub na diretoria do Banco Mundial"},"content":{"rendered":"<p>Sindicatos de trabalhadores de v\u00e1rios pa\u00edses rejeitaram nesta quinta-feira (30) a indica\u00e7\u00e3o do ex-ministro Abraham Weintraub para um cargo na diretoria executiva do Banco Mundial.\u00a0<a href=\"https:\/\/www.redebrasilatual.com.br\/politica\/2020\/06\/weintraub-banco-mundial-brasil-paria-internacional\/\" target=\"_blank\" rel=\"noopener noreferrer\">O nome de Weintraub<\/a>\u00a0foi confirmado por nota da institui\u00e7\u00e3o, divulgada na noite de ontem.<\/p>\n<p>\u201cO Sr. Weintraub deve assumir seu cargo na primeira semana de agosto e cumprir\u00e1 o atual mandato que termina em 31 de outubro de 2020, quando a posi\u00e7\u00e3o ser\u00e1 novamente aberta para elei\u00e7\u00e3o\u201d, disse o Banco Mundial.<\/p>\n<p>O secret\u00e1rio geral da Internacional de Trabalhadores da Constru\u00e7\u00e3o e da Madeira (ICM), Ambet Yuson, dirigiu-se aos governos do Brasil, Col\u00f4mbia, Rep\u00fablica Dominicana, Equador, Haiti, Panam\u00e1, Filipinas, Suriname e Trinidad &amp; Tobago. Expressou a preocupa\u00e7\u00e3o e oposi\u00e7\u00e3o dos filiados nesses pa\u00edses \u00e0\u00a0<a href=\"https:\/\/www.redebrasilatual.com.br\/politica\/2020\/06\/saida-weintraub-governo\/\" target=\"_blank\" rel=\"noopener noreferrer\">indica\u00e7\u00e3o do governo brasileiro para liderar o grupo<\/a>\u00a0na institui\u00e7\u00e3o.<\/p>\n<p>A ICM atua junto ao Banco em parceria com outras organiza\u00e7\u00f5es sindicais internacionais. Busca melhorar o sistema de salvaguardas e riscos nos empr\u00e9stimos para projetos de infraestrutura. Atua, em particular, em rela\u00e7\u00e3o \u00e0 seguran\u00e7a e sa\u00fade no trabalho, direito de organiza\u00e7\u00e3o sindical e negocia\u00e7\u00e3o coletiva e formas de contrata\u00e7\u00e3o.<\/p>\n<h2><span style=\"text-decoration: underline;\">Opositor da democracia<\/span><\/h2>\n<p>\u201cOpositor manifesto da democracia, da coopera\u00e7\u00e3o, do di\u00e1logo, da liberdade de express\u00e3o e do multiculturalismo.\u00a0<a href=\"https:\/\/www.redebrasilatual.com.br\/politica\/2020\/06\/governo-exonera-weintraub-apos-ex-ministro-chegar-aos-eua\/\" target=\"_blank\" rel=\"noopener noreferrer\">O ex-ministro foi correndo e \u00e0s escondidas<\/a>. Com medo de ser preso por acusa\u00e7\u00e3o de racismo e incita\u00e7\u00e3o ao \u00f3dio, foi ocupar o cargo bem remunerado que, por princ\u00edpio ideol\u00f3gico, deveria rejeitar\u201d, afirma o especialista em Rela\u00e7\u00f5es Internacionais Nilton Freitas, representante Internacional de Trabalhadores da Constru\u00e7\u00e3o e da Madeira (ICM) na Am\u00e9rica Latina e Caribe.<\/p>\n<p>Os trabalhadores consideram que a atua\u00e7\u00e3o do ex-ministro do governo Bolsonaro vai trazer riscos de desagrega\u00e7\u00e3o e gera\u00e7\u00e3o de conflitos. E lembram que o representante brasileiro manifesta oposi\u00e7\u00e3o aos valores e princ\u00edpios da institui\u00e7\u00e3o. \u201cUm c\u00f3digo de \u00e9tica fundado em princ\u00edpios como integridade, respeito e trabalho em equipe deve, todavia, limitar esses riscos\u201d, afirma Nilton Freitas.<\/p>\n<p><strong>Fonte: Rede Brasil Atual<\/strong><\/p>\n","protected":false},"excerpt":{"rendered":"<p>Sindicatos de trabalhadores de v\u00e1rios pa\u00edses rejeitaram nesta quinta-feira (30) a indica\u00e7\u00e3o do ex-ministro Abraham Weintraub para um cargo na diretoria executiva do Banco Mundial.\u00a0O nome de Weintraub\u00a0foi confirmado por nota da institui\u00e7\u00e3o, divulgada na noite de ontem. \u201cO Sr. Weintraub deve assumir seu cargo na primeira semana de agosto e cumprir\u00e1 o atual mandato [&hellip;]<\/p>\n","protected":false},"author":2,"featured_media":9337,"comment_status":"","ping_status":"","sticky":false,"template":"","format":"standard","meta":{"footnotes":""},"categories":[3],"tags":[],"class_list":["post-9338","post","type-post","status-publish","format-standard","has-post-thumbnail","hentry","category-noticias"],"_links":{"self":[{"href":"https:\/\/hostnetart.com.br\/baixada\/wp-json\/wp\/v2\/posts\/9338","targetHints":{"allow":["GET"]}}],"collection":[{"href":"https:\/\/hostnetart.com.br\/baixada\/wp-json\/wp\/v2\/posts"}],"about":[{"href":"https:\/\/hostnetart.com.br\/baixada\/wp-json\/wp\/v2\/types\/post"}],"author":[{"embeddable":true,"href":"https:\/\/hostnetart.com.br\/baixada\/wp-json\/wp\/v2\/users\/2"}],"replies":[{"embeddable":true,"href":"https:\/\/hostnetart.com.br\/baixada\/wp-json\/wp\/v2\/comments?post=9338"}],"version-history":[{"count":0,"href":"https:\/\/hostnetart.com.br\/baixada\/wp-json\/wp\/v2\/posts\/9338\/revisions"}],"wp:featuredmedia":[{"embeddable":true,"href":"https:\/\/hostnetart.com.br\/baixada\/wp-json\/wp\/v2\/media\/9337"}],"wp:attachment":[{"href":"https:\/\/hostnetart.com.br\/baixada\/wp-json\/wp\/v2\/media?parent=9338"}],"wp:term":[{"taxonomy":"category","embeddable":true,"href":"https:\/\/hostnetart.com.br\/baixada\/wp-json\/wp\/v2\/categories?post=9338"},{"taxonomy":"post_tag","embeddable":true,"href":"https:\/\/hostnetart.com.br\/baixada\/wp-json\/wp\/v2\/tags?post=9338"}],"curies":[{"name":"wp","href":"https:\/\/api.w.org\/{rel}","templated":true}]}}