{"id":9326,"date":"2020-07-30T14:20:13","date_gmt":"2020-07-30T17:20:13","guid":{"rendered":"https:\/\/hostnetart.com.br\/baixada\/comeca-o-forum-da-uni-financas-para-paises-de-lingua-portuguesa\/"},"modified":"2020-07-30T14:20:13","modified_gmt":"2020-07-30T17:20:13","slug":"comeca-o-forum-da-uni-financas-para-paises-de-lingua-portuguesa","status":"publish","type":"post","link":"https:\/\/hostnetart.com.br\/baixada\/comeca-o-forum-da-uni-financas-para-paises-de-lingua-portuguesa\/","title":{"rendered":"Come\u00e7a o F\u00f3rum da Uni Finan\u00e7as para pa\u00edses de l\u00edngua portuguesa"},"content":{"rendered":"<p>Come\u00e7ou nesta quarta-feira (29) e acontece at\u00e9 quinta (30) o 3\u00ba F\u00f3rum dos sindicatos da Uni Finan\u00e7as no \u00e2mbito da Comunidade dos Pa\u00edses de L\u00edngua Portuguesa (CPLP). O encontro, realizado por videoconfer\u00eancia, vai discutir o impacto da pandemia nas rela\u00e7\u00f5es de trabalho e qual ser\u00e1 a estrat\u00e9gia de a\u00e7\u00e3o sindical no p\u00f3s-pandemia.<\/p>\n<p>\u201cTeremos a oportunidade de aprofundar o debate sobre a digitaliza\u00e7\u00e3o e o futuro do trabalho, o teletrabalho. A partir disso, teremos condi\u00e7\u00f5es de refor\u00e7ar nossos entendimentos e nos unirmos cada vez mais para fazer o enfrentamento que a conjuntura ir\u00e1 exigir. Temos de fazer a defesa dos direitos e estudar o trabalho em home office, que veio para ficar. O objetivo maior \u00e9 sairmos desse f\u00f3rum mais fortes e em condi\u00e7\u00f5es de fazer negocia\u00e7\u00f5es com os banqueiros para defender os trabalhadores e os direitos\u201d, afirmou Juvandia Moreira.<\/p>\n<p>A presidenta da Contraf-CUT ressaltou o momento em que vive o Brasil, com a pandemia contagiando cerca de 2,5 milh\u00f5es e provocando mais de 88 mil mortes temos. \u201cTemos um presidente que tem adotado uma necropol\u00edtica, um genocida que deixou as pessoas morrerem. Bolsonaro privilegiou a economia, mas foi uma economia burra porque a economia n\u00e3o existe sem as pessoas\u201d disse Juvandia.<\/p>\n<h2><span style=\"text-decoration: underline;\">Trabalhadores essenciais<\/span><\/h2>\n<p>Na abertura do f\u00f3rum, a presidenta da Uni Finan\u00e7as, Rita Berlofa, lembrou que os trabalhadores do setor de finan\u00e7as est\u00e3o na linha de frente no enfrentamento da pandemia e que nem sempre s\u00e3o lembrados como trabalhadores essenciais. \u201cEssa crise \u00e9 mais grave do que a de 1929 e trar\u00e1 um empobrecimento a n\u00edvel mundial. Refor\u00e7a cada vez mais o papel dos sindicatos. Come\u00e7amos com um trabalho fundamental, negociando protocolos que trouxessem medidas protetivas para a vida de todos trabalhadores e clientes. Essa crise, al\u00e9m de tudo, revelou que n\u00e3o existe nenhuma tecnologia de ponta que pudesse substituir o banc\u00e1rio de carne e osso para atender a popula\u00e7\u00e3o\u201d, afirmou a presidenta da Uni Finan\u00e7as.<\/p>\n<p>An\u00edbal Borges, presidente do Sindicato dos Banc\u00e1rios de Cabo Verde e coordenador-adjunto da Uni Finan\u00e7as no \u00e2mbito da CPLP, lembrou que o f\u00f3rum era para ter sido realizado em maio em seu pa\u00eds, mas por causa da pandemia teve de ser feito virtualmente. \u201cAo longo desse encontro, vamos discutir temas important\u00edssimos, que podem ser banais para alguns, mas para Cabo Verde e outros pa\u00edses da \u00c1frica s\u00e3o temas importantes, Porque ainda n\u00e3o havia esse impacto na sociedade africana. Esse ser\u00e1 o futuro do mundo laboral. Se j\u00e1 t\u00ednhamos um horizonte um pouco preocupante, com a pandemia a situa\u00e7\u00e3o tornou muito mais preocupante\u201d, observou.<\/p>\n<h2><span style=\"text-decoration: underline;\">Negocia\u00e7\u00f5es globais<\/span><\/h2>\n<p>O secret\u00e1rio de Rela\u00e7\u00f5es Internacionais da Contraf-CUT, Roberto Von der Osten, tamb\u00e9m destacou a complexidade do momento atual com a pandemia. \u201cO mundo de hoje n\u00e3o \u00e9 um mundo f\u00e1cil para o trabalhador. Temos de lutar por contratos coletivos que dar\u00e3o seguran\u00e7a aos trabalhadores neste novo mundo. Nessas condi\u00e7\u00f5es que a negocia\u00e7\u00f5es coletivas t\u00eam import\u00e2ncia. Devemos encorajar negocia\u00e7\u00f5es globais com empresas multinacionais para garantir os direitos dos trabalhadores e introduzir o conceito de di\u00e1logo social em todos os pa\u00edses. O novo normal n\u00e3o nos derrotou. Estamos fazendo um acumula para uma nova luta.\u201d disse Von der Osten.<\/p>\n<p>Para o secret\u00e1rio-geral da Contraf-CUT, Gustavo Tabatinga, a mudan\u00e7a de fronteira pouco altera o cen\u00e1rio financeiro, o que coloca para banc\u00e1rios de todo o mundo as mesmas quest\u00f5es. \u201cAqui no Brasil, tivemos um enfrentamento muito grave em termos de pandemia. A pandemia acelerou, fez com que n\u00f3s do movimento sindical pleite\u00e1ssemos a acelera\u00e7\u00e3o desse processo de teletrabalho porque a vida das pessoas estava em primeiro plano. Tamb\u00e9m fizemos uma confer\u00eancia, dia 18, um congresso inovador e aprovamos a reivindica\u00e7\u00e3o de que seja regulamentado em acordo coletivo esta modalidade de trabalho. Colocamos algo in\u00e9dito que a a filia\u00e7\u00e3o ao sindicato possa se dar de forma eletr\u00f4nica\u201d, destacou Gustavo Tabatinga<\/p>\n<h2><span style=\"text-decoration: underline;\">Situa\u00e7\u00e3o nos pa\u00edses<\/span><\/h2>\n<p>No primeiro dia do f\u00f3rum, foram feitos informes sobe a situa\u00e7\u00e3o do movimento sindical nos pa\u00edses de l\u00edngua portuguesa, em especial na categoria banc\u00e1ria e sobre a implementa\u00e7\u00e3o do teletrabalho. Para contribuir para o debate, tamb\u00e9m fizeram exposi\u00e7\u00f5es sobre o tema da digitaliza\u00e7\u00e3o e do teletrabalho Vivian Machado e Barbara Valejos, do Departamento Intersindical de Estat\u00edstica e Estudos Socioecon\u00f4micos (DIEESE), da Linha Banc\u00e1rios da Contraf-CUT.<\/p>\n<p>Cristina Trony, do Sindicato dos Banc\u00e1rios da Regi\u00e3o Sul e Ilhas de Portugal, revelou que em seu pa\u00eds os bancos que pensavam em abrir novas agencias suspenderam as novas contrata\u00e7\u00f5es e at\u00e9 mesmo pensam em fechar postos de trabalho. \u201cO desafio \u00e9 que na negocia\u00e7\u00e3o coletiva vamos implementar o teletrabalho, para n\u00e3o haver mais abusos, esse trabalho que nunca mais acaba fora da hora. Essa quest\u00e3o do teletrabalho tem que estar na mesa de negocia\u00e7\u00f5es\u201d, disse.<\/p>\n<p><strong>Fonte: Contraf-CUT<\/strong><\/p>\n","protected":false},"excerpt":{"rendered":"<p>Come\u00e7ou nesta quarta-feira (29) e acontece at\u00e9 quinta (30) o 3\u00ba F\u00f3rum dos sindicatos da Uni Finan\u00e7as no \u00e2mbito da Comunidade dos Pa\u00edses de L\u00edngua Portuguesa (CPLP). O encontro, realizado por videoconfer\u00eancia, vai discutir o impacto da pandemia nas rela\u00e7\u00f5es de trabalho e qual ser\u00e1 a estrat\u00e9gia de a\u00e7\u00e3o sindical no p\u00f3s-pandemia. \u201cTeremos a oportunidade [&hellip;]<\/p>\n","protected":false},"author":2,"featured_media":9325,"comment_status":"","ping_status":"","sticky":false,"template":"","format":"standard","meta":{"footnotes":""},"categories":[3],"tags":[],"class_list":["post-9326","post","type-post","status-publish","format-standard","has-post-thumbnail","hentry","category-noticias"],"_links":{"self":[{"href":"https:\/\/hostnetart.com.br\/baixada\/wp-json\/wp\/v2\/posts\/9326","targetHints":{"allow":["GET"]}}],"collection":[{"href":"https:\/\/hostnetart.com.br\/baixada\/wp-json\/wp\/v2\/posts"}],"about":[{"href":"https:\/\/hostnetart.com.br\/baixada\/wp-json\/wp\/v2\/types\/post"}],"author":[{"embeddable":true,"href":"https:\/\/hostnetart.com.br\/baixada\/wp-json\/wp\/v2\/users\/2"}],"replies":[{"embeddable":true,"href":"https:\/\/hostnetart.com.br\/baixada\/wp-json\/wp\/v2\/comments?post=9326"}],"version-history":[{"count":0,"href":"https:\/\/hostnetart.com.br\/baixada\/wp-json\/wp\/v2\/posts\/9326\/revisions"}],"wp:featuredmedia":[{"embeddable":true,"href":"https:\/\/hostnetart.com.br\/baixada\/wp-json\/wp\/v2\/media\/9325"}],"wp:attachment":[{"href":"https:\/\/hostnetart.com.br\/baixada\/wp-json\/wp\/v2\/media?parent=9326"}],"wp:term":[{"taxonomy":"category","embeddable":true,"href":"https:\/\/hostnetart.com.br\/baixada\/wp-json\/wp\/v2\/categories?post=9326"},{"taxonomy":"post_tag","embeddable":true,"href":"https:\/\/hostnetart.com.br\/baixada\/wp-json\/wp\/v2\/tags?post=9326"}],"curies":[{"name":"wp","href":"https:\/\/api.w.org\/{rel}","templated":true}]}}