{"id":9320,"date":"2020-07-29T19:17:05","date_gmt":"2020-07-29T22:17:05","guid":{"rendered":"https:\/\/hostnetart.com.br\/baixada\/bancario-s-querem-a-ultratividade-e-que-reunioes-sejam-mais-de-uma-vez-por-semana\/"},"modified":"2020-07-29T19:17:05","modified_gmt":"2020-07-29T22:17:05","slug":"bancario-s-querem-a-ultratividade-e-que-reunioes-sejam-mais-de-uma-vez-por-semana","status":"publish","type":"post","link":"https:\/\/hostnetart.com.br\/baixada\/bancario-s-querem-a-ultratividade-e-que-reunioes-sejam-mais-de-uma-vez-por-semana\/","title":{"rendered":"Banc\u00e1rio@s querem a ultratividade e que reuni\u00f5es sejam mais de uma vez por semana"},"content":{"rendered":"<p>Ser\u00e1 nesta sexta-feira (31) a segunda reuni\u00e3o entre o Comando Nacional dos Banc\u00e1rios e representantes da Comiss\u00e3o de Negocia\u00e7\u00e3o da Federa\u00e7\u00e3o Nacional dos Bancos (Fenaban). O encontro, marcado para \u00e0s 11h, vai definir o ritmo das negocia\u00e7\u00f5es da Campanha Nacional da categoria banc\u00e1ria. Por causa da pandemia, a negocia\u00e7\u00e3o este ano ser\u00e1 em reuni\u00f5es virtuais.<\/p>\n<p>\u201cVamos propor que a partir de agora as reuni\u00f5es aconte\u00e7am mais vezes durante a semana. Quando as reuni\u00f5es eram presenciais, t\u00ednhamos uma reuni\u00e3o por semana devido o deslocamento dos membros do Comando. Agora, como fazemos reuni\u00f5es de forma virtual, podemos acelerar esse calend\u00e1rio\u201d, disse a presidenta da Confedera\u00e7\u00e3o Nacional dos Trabalhadores do Setor Financeiro (Contraf-CUT), Juvandia Moreira. Outro ponto a ser destacado nas negocia\u00e7\u00f5es ser\u00e1 o da ultratividade.<\/p>\n<p>No primeiro encontro de negocia\u00e7\u00e3o, o Comando Nacional dos Banc\u00e1rios entregou a minuta com as reivindica\u00e7\u00f5es da categoria. Entre as reivindica\u00e7\u00f5es apresentadas est\u00e1 a de aumento real de 5%, manuten\u00e7\u00e3o dos direitos, dos empregos e da mesa \u00fanica de negocia\u00e7\u00e3o, al\u00e9m de quest\u00f5es referentes \u00e0 sa\u00fade dos trabalhadores e tamb\u00e9m normas para o teletrabalho. As reivindica\u00e7\u00f5es tomaram por base a consulta feita pela Contraf-CUT com quase 30 mil banc\u00e1rios.<\/p>\n<p>Na consulta, a prioridade para cl\u00e1usulas econ\u00f4micas, 71% dos entrevistados disseram que era o aumento real de sal\u00e1rio. Nas cl\u00e1usulas sociais, 79,7% das respostas apontavam a manuten\u00e7\u00e3o dos direitos como prioridade. Outras 69,1% mencionavam a prioridade como a defesa da sa\u00fade e melhores condi\u00e7\u00f5es de trabalho.<\/p>\n<p><strong>Fonte: Contraf-CUT<\/strong><\/p>\n","protected":false},"excerpt":{"rendered":"<p>Ser\u00e1 nesta sexta-feira (31) a segunda reuni\u00e3o entre o Comando Nacional dos Banc\u00e1rios e representantes da Comiss\u00e3o de Negocia\u00e7\u00e3o da Federa\u00e7\u00e3o Nacional dos Bancos (Fenaban). O encontro, marcado para \u00e0s 11h, vai definir o ritmo das negocia\u00e7\u00f5es da Campanha Nacional da categoria banc\u00e1ria. Por causa da pandemia, a negocia\u00e7\u00e3o este ano ser\u00e1 em reuni\u00f5es virtuais. [&hellip;]<\/p>\n","protected":false},"author":2,"featured_media":9319,"comment_status":"","ping_status":"","sticky":false,"template":"","format":"standard","meta":{"footnotes":""},"categories":[3],"tags":[],"class_list":["post-9320","post","type-post","status-publish","format-standard","has-post-thumbnail","hentry","category-noticias"],"_links":{"self":[{"href":"https:\/\/hostnetart.com.br\/baixada\/wp-json\/wp\/v2\/posts\/9320","targetHints":{"allow":["GET"]}}],"collection":[{"href":"https:\/\/hostnetart.com.br\/baixada\/wp-json\/wp\/v2\/posts"}],"about":[{"href":"https:\/\/hostnetart.com.br\/baixada\/wp-json\/wp\/v2\/types\/post"}],"author":[{"embeddable":true,"href":"https:\/\/hostnetart.com.br\/baixada\/wp-json\/wp\/v2\/users\/2"}],"replies":[{"embeddable":true,"href":"https:\/\/hostnetart.com.br\/baixada\/wp-json\/wp\/v2\/comments?post=9320"}],"version-history":[{"count":0,"href":"https:\/\/hostnetart.com.br\/baixada\/wp-json\/wp\/v2\/posts\/9320\/revisions"}],"wp:featuredmedia":[{"embeddable":true,"href":"https:\/\/hostnetart.com.br\/baixada\/wp-json\/wp\/v2\/media\/9319"}],"wp:attachment":[{"href":"https:\/\/hostnetart.com.br\/baixada\/wp-json\/wp\/v2\/media?parent=9320"}],"wp:term":[{"taxonomy":"category","embeddable":true,"href":"https:\/\/hostnetart.com.br\/baixada\/wp-json\/wp\/v2\/categories?post=9320"},{"taxonomy":"post_tag","embeddable":true,"href":"https:\/\/hostnetart.com.br\/baixada\/wp-json\/wp\/v2\/tags?post=9320"}],"curies":[{"name":"wp","href":"https:\/\/api.w.org\/{rel}","templated":true}]}}