{"id":932,"date":"2014-04-01T00:00:00","date_gmt":"2014-04-01T03:00:00","guid":{"rendered":"https:\/\/hostnetart.com.br\/baixada\/contraf-cut-participa-do-3-encontro-da-mulher-bancaria-do-espirito-santo-2\/"},"modified":"2014-04-01T00:00:00","modified_gmt":"2014-04-01T03:00:00","slug":"contraf-cut-participa-do-3-encontro-da-mulher-bancaria-do-espirito-santo-2","status":"publish","type":"post","link":"https:\/\/hostnetart.com.br\/baixada\/contraf-cut-participa-do-3-encontro-da-mulher-bancaria-do-espirito-santo-2\/","title":{"rendered":"Contraf-CUT participa do 3\u00ba Encontro da Mulher Banc\u00e1ria do Esp\u00edrito Santo"},"content":{"rendered":"<p>Com o tema \u201cMulher e Poder\u201d, as banc\u00e1rias do Esp\u00edrito Santo v\u00e3o debater as rela\u00e7\u00f5es de g\u00eanero no trabalho e na vida social, com destaque para as novas configura\u00e7\u00f5es do trabalho banc\u00e1rio e o papel das mulheres no sindicalismo. O 3\u00ba Encontro da Mulher Banc\u00e1ria acontecer\u00e1 nos dias 4 e 5 de abril, em Vit\u00f3ria, e o Sindicato dos Banc\u00e1rios do Esp\u00edrito Santo est\u00e1 com as inscri\u00e7\u00f5es abertas.<\/p>\n<p>\u201cO Encontro \u00e9 um espa\u00e7o de di\u00e1logo e troca entre as mulheres banc\u00e1rias, onde podemos refletir sobre o nosso cotidiano como mulheres e como trabalhadoras para superar os diversos tipos de opress\u00e3o que enfrentamos no dia a dia. A participa\u00e7\u00e3o das banc\u00e1rias \u00e9 muito importante\u201d, afirma Rita Lima, diretora do Sindicato.<\/p>\n<p>A secret\u00e1ria de Mulheres da Contraf-CUT, Deise Recoaro, ser\u00e1 uma das palestrantes do painel \u201cAs rela\u00e7\u00f5es de g\u00eanero e poder no trabalho banc\u00e1rio\u201d.<\/p>\n<p>\u201c\u00c9 um tema essencial a ser debatido, quando a realidade atual do mercado financeiro mostra que as banc\u00e1rias, mesmo sendo metade da categoria, continuam sendo discriminadas pelos bancos e ganhando menos do que os homens\u201d, aponta Deise.<\/p>\n<p>Os dados da Pesquisa de Emprego Banc\u00e1rio (PEB), divulgada pela Contraf-CUT no \u00faltimo dia 25, revela que, enquanto a m\u00e9dia dos sal\u00e1rios dos homens na admiss\u00e3o foi de R$ 3.678,54 nos dois primeiros meses deste ano, a remunera\u00e7\u00e3o das mulheres ficou em R$ 2.765,15, valor que representa 75,2% da remunera\u00e7\u00e3o de contrata\u00e7\u00e3o dos homens.<\/p>\n<p><strong>Companhia de teatro paulista abrir\u00e1 evento<\/strong><\/p>\n<p>A abertura do encontro contar\u00e1 com a participa\u00e7\u00e3o da Kiwi Companhia de Teatro, de S\u00e3o Paulo, com o espet\u00e1culo \u201cCarne \u2013 Patriarcado e Capitalismo\u201d. A pe\u00e7a discute a rela\u00e7\u00e3o do capitalismo com a opress\u00e3o e viol\u00eancia sofridas pelas mulheres, e ser\u00e1 apresentada pela primeira vez no Esp\u00edrito Santo.<\/p>\n<p>\u201cA proposta de abrir o encontro com um pe\u00e7a teatral \u00e9 iniciar os debates de uma forma diferente, que envolva as mulheres banc\u00e1rias e que traga, al\u00e9m do debate pol\u00edtico, elementos da arte e da cultura para o nosso encontro\u201d, explica Lucimar Barbosa, diretora do Sindicato.<\/p>\n<p><strong>Confira programa\u00e7\u00e3o completa<\/strong><\/p>\n<p><strong>SEXTA-FEIRA (4\/04)<\/strong><\/p>\n<p>18h30 \u2013 Abertura<\/p>\n<p>19h \u2013 Espet\u00e1culo \u201cCarne \u2013 Patriarcado e Capitalismo\u201d. Kiwi Companhia de Teatro (SP).<\/p>\n<p>20h30 \u2013 Roda de conversa sobre a pe\u00e7a teatral<\/p>\n<p><strong>S\u00c1BADO (5\/04)<\/strong><\/p>\n<p>9h30 \u2013 Painel de debate: Mulher e poder \u2013 espa\u00e7o p\u00fablico e privado.<\/p>\n<p>Perfil 1- O papel da mulher nos processos produtivos a e diferencia\u00e7\u00e3o entre p\u00fablico e privado<\/p>\n<p>Painelista: Liliana Segnini \u2013 Doutora em Ci\u00eancias Sociais pela Pontif\u00edcia Universidade Cat\u00f3lica de S\u00e3o Paulo (PUC\/SP).<\/p>\n<p>Perfil 2 \u2013 As rela\u00e7\u00f5es de g\u00eanero e poder no trabalho banc\u00e1rio<\/p>\n<p>Painelista: Deise Recoaro \u2013 Secret\u00e1ria de Mulheres da Confedera\u00e7\u00e3o dos Trabalhadores do Ramo Financeiro (Contraf).<\/p>\n<p>13h \u2013 Almo\u00e7o<\/p>\n<p>14h30 \u2013 Painel de debate \u2013 Mulher e poder no sindicalismo<\/p>\n<p>Tema: A luta e a atua\u00e7\u00e3o das mulheres banc\u00e1rias no Sindicato dos Banc\u00e1rios\/ES.<\/p>\n<p>Painelista: Rita Lima \u2013 diretora do Sindibanc\u00e1rios\/ES, integrante do Coletivo de Mulheres da entidade e professora da Faculdade S\u00e3o Geraldo.<\/p>\n<p>16h \u2013 Grupos de Trabalho<\/p>\n<p>17h \u2013 Avalia\u00e7\u00e3o<\/p>\n<p>17h30 \u2013 Encerramento<\/p>\n<p><strong>Inscri\u00e7\u00f5es<\/strong><\/p>\n<p>At\u00e9 o dia 2 de abril no site\u00a0<strong>bancarios-es.com.br<\/strong><\/p>\n<p>Fonte: Contraf-CUT com Seeb ES<\/p>\n","protected":false},"excerpt":{"rendered":"<p>Com o tema \u201cMulher e Poder\u201d, as banc\u00e1rias do Esp\u00edrito Santo v\u00e3o debater as rela\u00e7\u00f5es de g\u00eanero no trabalho e na vida social, com destaque para as novas configura\u00e7\u00f5es do trabalho banc\u00e1rio e o papel das mulheres no sindicalismo. O 3\u00ba Encontro da Mulher Banc\u00e1ria acontecer\u00e1 nos dias 4 e 5 de abril, em Vit\u00f3ria, [&hellip;]<\/p>\n","protected":false},"author":1,"featured_media":0,"comment_status":"","ping_status":"","sticky":false,"template":"","format":"standard","meta":{"footnotes":""},"categories":[3],"tags":[],"class_list":["post-932","post","type-post","status-publish","format-standard","hentry","category-noticias"],"_links":{"self":[{"href":"https:\/\/hostnetart.com.br\/baixada\/wp-json\/wp\/v2\/posts\/932","targetHints":{"allow":["GET"]}}],"collection":[{"href":"https:\/\/hostnetart.com.br\/baixada\/wp-json\/wp\/v2\/posts"}],"about":[{"href":"https:\/\/hostnetart.com.br\/baixada\/wp-json\/wp\/v2\/types\/post"}],"author":[{"embeddable":true,"href":"https:\/\/hostnetart.com.br\/baixada\/wp-json\/wp\/v2\/users\/1"}],"replies":[{"embeddable":true,"href":"https:\/\/hostnetart.com.br\/baixada\/wp-json\/wp\/v2\/comments?post=932"}],"version-history":[{"count":0,"href":"https:\/\/hostnetart.com.br\/baixada\/wp-json\/wp\/v2\/posts\/932\/revisions"}],"wp:attachment":[{"href":"https:\/\/hostnetart.com.br\/baixada\/wp-json\/wp\/v2\/media?parent=932"}],"wp:term":[{"taxonomy":"category","embeddable":true,"href":"https:\/\/hostnetart.com.br\/baixada\/wp-json\/wp\/v2\/categories?post=932"},{"taxonomy":"post_tag","embeddable":true,"href":"https:\/\/hostnetart.com.br\/baixada\/wp-json\/wp\/v2\/tags?post=932"}],"curies":[{"name":"wp","href":"https:\/\/api.w.org\/{rel}","templated":true}]}}