{"id":9318,"date":"2020-07-29T13:49:44","date_gmt":"2020-07-29T16:49:44","guid":{"rendered":"https:\/\/hostnetart.com.br\/baixada\/contraf-cut-organiza-o-3-forum-dos-sindicatos-da-uni-financas-dos-paises-de-lingua-portuguesa\/"},"modified":"2020-07-29T13:49:44","modified_gmt":"2020-07-29T16:49:44","slug":"contraf-cut-organiza-o-3-forum-dos-sindicatos-da-uni-financas-dos-paises-de-lingua-portuguesa","status":"publish","type":"post","link":"https:\/\/hostnetart.com.br\/baixada\/contraf-cut-organiza-o-3-forum-dos-sindicatos-da-uni-financas-dos-paises-de-lingua-portuguesa\/","title":{"rendered":"Contraf-CUT organiza o 3\u00ba F\u00f3rum dos sindicatos da Uni Finan\u00e7as dos pa\u00edses de l\u00edngua portuguesa"},"content":{"rendered":"<ul>\n<li>3\u00ba F\u00f3rum da Uni Finan\u00e7as para pa\u00edses de l\u00edngua portuguesa come\u00e7a nesta quarta-feira<\/li>\n<li>Contraf-CUT ser\u00e1 uma das organizadoras do evento<\/li>\n<li>Debate ser\u00e1 sobre impacto da pandemia nas rela\u00e7\u00f5es de trabalho<\/li>\n<li>Negocia\u00e7\u00e3o sobre teletrabalho no Brasil ser\u00e1 refer\u00eancia<\/li>\n<\/ul>\n<h2>Continue lendo<\/h2>\n<p>Ser\u00e1 realizado na quarta e na quinta-feira (29 e 30) o 3\u00ba F\u00f3rum dos sindicatos da Uni Finan\u00e7as no \u00e2mbito da Comunidade dos Pa\u00edses de L\u00edngua Portuguesa (CPLP). O encontro ser\u00e1 organizado pela Uni Finan\u00e7as e pela Confedera\u00e7\u00e3o Nacional dos Trabalhadores do Ramo Financeiro (Contraf-CUT). Em fun\u00e7\u00e3o das medidas de isolamento social em decorr\u00eancia da pandemia do novo coronav\u00edrus, o encontro ser\u00e1 realizado por videoconfer\u00eancia.<\/p>\n<p>\u201cVamos compartilhar informa\u00e7\u00f5es e debater as rela\u00e7\u00f5es entre entidades sindicais de mesmo idioma. O eixo do f\u00f3rum ser\u00e1 o debate sobre o impacto da pandemia nas rela\u00e7\u00f5es de trabalho e qual ser\u00e1 a estrat\u00e9gia de a\u00e7\u00e3o sindical no p\u00f3s-pandemia\u201d, explicou Juvandia Moreira, presidenta da Contraf-CUT, que participar\u00e1 dos debates do encontro. O f\u00f3rum reunir\u00e1 sindicalistas do Brasil, Portugal, Angola, Mo\u00e7ambique, Cabo Verde, e S\u00e3o Tom\u00e9 e Pr\u00edncipe.<\/p>\n<p>A realiza\u00e7\u00e3o do f\u00f3rum estava marcada para meados deste ano. No entanto, o covid-19 causou algumas altera\u00e7\u00f5es na organiza\u00e7\u00e3o. \u201cQuando agudizou a pandemia, falamos com os africanos que preferiram deixar o encontro para junho. Mas o mundo assistiu a essa pandemia. Foi ent\u00e3o que a Uni Finan\u00e7as prop\u00f4s um encontro via Zoom\u201d, explicou \u00a0Roberto Von Der Osten, secret\u00e1rio de Rela\u00e7\u00f5es Internacionais da Contraf-CUT.<\/p>\n<p>Juvandia vai falar sobre a experi\u00eancia que a Contraf-CUT teve ao negociar com representantes dos bancos brasileiros medidas de prote\u00e7\u00e3o dos banc\u00e1ri@s, teletrabalho e outros procedimentos necess\u00e1rios para o isolamento social decorrentes da pandemia. Tamb\u00e9m participam do 3\u00ba F\u00f3rum dos sindicatos da Uni Finan\u00e7as no \u00e2mbito da CPLP o secret\u00e1rio de Rela\u00e7\u00f5es Internacionais, da Contraf, Roberto von der Osten; Vivian Machado e Barbara Valejos, do Departamento Intersindical de Estat\u00edstica e Estudos Socioecon\u00f4micos (DIEESE), da Linha Banc\u00e1rios da Contraf-CUT.<\/p>\n<p><strong>Fonte: Contraf-CUT<\/strong><\/p>\n","protected":false},"excerpt":{"rendered":"<p>3\u00ba F\u00f3rum da Uni Finan\u00e7as para pa\u00edses de l\u00edngua portuguesa come\u00e7a nesta quarta-feira Contraf-CUT ser\u00e1 uma das organizadoras do evento Debate ser\u00e1 sobre impacto da pandemia nas rela\u00e7\u00f5es de trabalho Negocia\u00e7\u00e3o sobre teletrabalho no Brasil ser\u00e1 refer\u00eancia Continue lendo Ser\u00e1 realizado na quarta e na quinta-feira (29 e 30) o 3\u00ba F\u00f3rum dos sindicatos da [&hellip;]<\/p>\n","protected":false},"author":2,"featured_media":9317,"comment_status":"","ping_status":"","sticky":false,"template":"","format":"standard","meta":{"footnotes":""},"categories":[3],"tags":[],"class_list":["post-9318","post","type-post","status-publish","format-standard","has-post-thumbnail","hentry","category-noticias"],"_links":{"self":[{"href":"https:\/\/hostnetart.com.br\/baixada\/wp-json\/wp\/v2\/posts\/9318","targetHints":{"allow":["GET"]}}],"collection":[{"href":"https:\/\/hostnetart.com.br\/baixada\/wp-json\/wp\/v2\/posts"}],"about":[{"href":"https:\/\/hostnetart.com.br\/baixada\/wp-json\/wp\/v2\/types\/post"}],"author":[{"embeddable":true,"href":"https:\/\/hostnetart.com.br\/baixada\/wp-json\/wp\/v2\/users\/2"}],"replies":[{"embeddable":true,"href":"https:\/\/hostnetart.com.br\/baixada\/wp-json\/wp\/v2\/comments?post=9318"}],"version-history":[{"count":0,"href":"https:\/\/hostnetart.com.br\/baixada\/wp-json\/wp\/v2\/posts\/9318\/revisions"}],"wp:featuredmedia":[{"embeddable":true,"href":"https:\/\/hostnetart.com.br\/baixada\/wp-json\/wp\/v2\/media\/9317"}],"wp:attachment":[{"href":"https:\/\/hostnetart.com.br\/baixada\/wp-json\/wp\/v2\/media?parent=9318"}],"wp:term":[{"taxonomy":"category","embeddable":true,"href":"https:\/\/hostnetart.com.br\/baixada\/wp-json\/wp\/v2\/categories?post=9318"},{"taxonomy":"post_tag","embeddable":true,"href":"https:\/\/hostnetart.com.br\/baixada\/wp-json\/wp\/v2\/tags?post=9318"}],"curies":[{"name":"wp","href":"https:\/\/api.w.org\/{rel}","templated":true}]}}