{"id":9316,"date":"2020-07-29T13:48:33","date_gmt":"2020-07-29T16:48:33","guid":{"rendered":"https:\/\/hostnetart.com.br\/baixada\/negociacoes-com-santander-continuam-na-sexta-31\/"},"modified":"2020-07-29T13:48:33","modified_gmt":"2020-07-29T16:48:33","slug":"negociacoes-com-santander-continuam-na-sexta-31","status":"publish","type":"post","link":"https:\/\/hostnetart.com.br\/baixada\/negociacoes-com-santander-continuam-na-sexta-31\/","title":{"rendered":"Negocia\u00e7\u00f5es com Santander continuam na sexta (31)"},"content":{"rendered":"<p>A Comiss\u00e3o de Organiza\u00e7\u00e3o dos Empregados (COE) do\u00a0<a href=\"https:\/\/contrafcut.com.br\/editorias\/santander\/\" target=\"_blank\" rel=\"noopener noreferrer\">banco Santander<\/a>\u00a0se reuniu com os representantes do banco na tarde desta ter\u00e7a-feira (28) para tratar sobre banco de horas negativas, aditivo sobre compartilhamento de dados pessoais dos funcion\u00e1rios e mudan\u00e7as nos procedimentos de testagem para Covid-19.<\/p>\n<p>\u201cFizemos algumas reivindica\u00e7\u00f5es. O banco vai analisar e voltaremos a debater na pr\u00f3xima reuni\u00e3o\u201d, informou a coordenadora da COE, Maria Rosani.<\/p>\n<h3><strong>Banco de horas negativas<\/strong><\/h3>\n<p>O banco apresentou na manh\u00e3 desta mesma ter\u00e7a uma proposta sobre banco de horas. Momentos antes da reuni\u00e3o com o banco a representa\u00e7\u00e3o dos trabalhadores analisaram a proposta e solicitaram altera\u00e7\u00f5es que fossem mais ben\u00e9ficas para os funcion\u00e1rios. O banco ficou de analisar as solicita\u00e7\u00f5es e responder na pr\u00f3xima reuni\u00e3o.<\/p>\n<h3><strong>Compartilhamento de dados dos funcion\u00e1rios<\/strong><\/h3>\n<p>A COE tamb\u00e9m questionou sobre uma proposta de aditivo ao contrato de trabalho que o banco est\u00e1 fazendo diretamente aos trabalhadores. Assinado o aditivo os funcion\u00e1rios autorizam o Santander a\u00a0<a href=\"https:\/\/spbancarios.com.br\/07\/2020\/trabalhadores-estao-sendo-obrigados-cederem-direitos-de-imagens-e-dados-pessoais\" target=\"_blank\" rel=\"noopener noreferrer\">compartilhar dados pessoais com terceiros<\/a>.<\/p>\n<p>A Confedera\u00e7\u00e3o Nacional dos Trabalhadores do Ramo Financeiro (Contraf-CUT) e os sindicatos orientam os trabalhadores a n\u00e3o assinarem tal aditivo at\u00e9 que as negocia\u00e7\u00f5es sobre o assunto sejam conclu\u00eddas. \u201cO banco precisa informar qual a finalidade do compartilhamento das informa\u00e7\u00f5es pessoais de seus funcion\u00e1rios com terceiros. Da forma como foi feito, o documento contraria o que determina a\u00a0<a href=\"http:\/\/www.planalto.gov.br\/ccivil_03\/_ato2015-2018\/2018\/lei\/L13709.htm\" target=\"_blank\" rel=\"noopener noreferrer\">Lei Geral de Prote\u00e7\u00e3o de Dados Pessoais (LGDP)<\/a>\u201d, disse o secret\u00e1rio de Assuntos Socioecon\u00f4micos da Contraf-CUT, Mario Raia. O tema tamb\u00e9m voltar\u00e1 a ser debatido na sexta-feira.<\/p>\n<h3><strong>Protocolos da Covid-19<\/strong><\/h3>\n<p>O Santander promoveu uma nova altera\u00e7\u00e3o nos protocolos para testagem e retorno ao trabalho de funcion\u00e1rios com suspeita de Covid-19, ou que tiveram contato com eles.<\/p>\n<p>O banco realizou parceria com algumas redes de farm\u00e1cias e far\u00e1 o teste r\u00e1pido (eco teste) nos funcion\u00e1rios com suspeita de infec\u00e7\u00e3o pelo novo coronav\u00edrus e naqueles tiveram contato com eles. Caso seja confirmada a contamina\u00e7\u00e3o pelo novo coronav\u00edrus, o funcion\u00e1rio ser\u00e1 afastado e todos ser\u00e3o monitorados por 14 dias para verificar se h\u00e1 o surgimento de sintomas de Covid-19. O funcion\u00e1rio que testar positivo far\u00e1 uma retestagem pelo m\u00e9todo de biologia molecular (teste RT-PCR) para confirmar, ou n\u00e3o, o resultado.<\/p>\n<p>Mais do que o tipo de teste realizado, a preocupa\u00e7\u00e3o da representa\u00e7\u00e3o dos trabalhadores \u00e9 com a possibilidade de os trabalhadores que tiverem resultado negativo pela testagem r\u00e1pida retornar ao trabalho e poder contaminar seus colegas, uma vez que este tipo de teste tem grande probabilidade (cerca de 30%) de dar resultado errado (falso negativo, ou falso positivo).<\/p>\n<p>O banco se comprometeu que, independente do teste, far\u00e1 o acompanhamento das pessoas por 14 dias para verificar se h\u00e1 o surgimento de sintomas da doen\u00e7a. E pediu para se aguarde um m\u00eas para que haja uma possibilidade de analisar os resultados deste novo protocolo de procedimentos. O banco disse manter\u00e1 canal permanente de debate sobre esse tema e poder\u00e1 rever os procedimentos caso, em conversa\u00e7\u00f5es com os trabalhadores, se verifique algum equ\u00edvoco nos mesmos.<\/p>\n<h3><strong>Novos assuntos<\/strong><\/h3>\n<p>Al\u00e9m dos pontos que j\u00e1 estavam na pauta de negocia\u00e7\u00f5es, o banco disse que quer tratar nas pr\u00f3ximas reuni\u00f5es sobre o teletrabalho e a Participa\u00e7\u00e3o dos Lucros e Resultados.<\/p>\n<p>Todos os temas voltam a ser debatidos na pr\u00f3xima reuni\u00e3o, agendada para a manh\u00e3 de sexta-feira (31).<\/p>\n<p><strong>Fonte: Contraf-CUT<\/strong><\/p>\n","protected":false},"excerpt":{"rendered":"<p>A Comiss\u00e3o de Organiza\u00e7\u00e3o dos Empregados (COE) do\u00a0banco Santander\u00a0se reuniu com os representantes do banco na tarde desta ter\u00e7a-feira (28) para tratar sobre banco de horas negativas, aditivo sobre compartilhamento de dados pessoais dos funcion\u00e1rios e mudan\u00e7as nos procedimentos de testagem para Covid-19. \u201cFizemos algumas reivindica\u00e7\u00f5es. O banco vai analisar e voltaremos a debater na [&hellip;]<\/p>\n","protected":false},"author":2,"featured_media":9315,"comment_status":"","ping_status":"","sticky":false,"template":"","format":"standard","meta":{"footnotes":""},"categories":[3],"tags":[],"class_list":["post-9316","post","type-post","status-publish","format-standard","has-post-thumbnail","hentry","category-noticias"],"_links":{"self":[{"href":"https:\/\/hostnetart.com.br\/baixada\/wp-json\/wp\/v2\/posts\/9316","targetHints":{"allow":["GET"]}}],"collection":[{"href":"https:\/\/hostnetart.com.br\/baixada\/wp-json\/wp\/v2\/posts"}],"about":[{"href":"https:\/\/hostnetart.com.br\/baixada\/wp-json\/wp\/v2\/types\/post"}],"author":[{"embeddable":true,"href":"https:\/\/hostnetart.com.br\/baixada\/wp-json\/wp\/v2\/users\/2"}],"replies":[{"embeddable":true,"href":"https:\/\/hostnetart.com.br\/baixada\/wp-json\/wp\/v2\/comments?post=9316"}],"version-history":[{"count":0,"href":"https:\/\/hostnetart.com.br\/baixada\/wp-json\/wp\/v2\/posts\/9316\/revisions"}],"wp:featuredmedia":[{"embeddable":true,"href":"https:\/\/hostnetart.com.br\/baixada\/wp-json\/wp\/v2\/media\/9315"}],"wp:attachment":[{"href":"https:\/\/hostnetart.com.br\/baixada\/wp-json\/wp\/v2\/media?parent=9316"}],"wp:term":[{"taxonomy":"category","embeddable":true,"href":"https:\/\/hostnetart.com.br\/baixada\/wp-json\/wp\/v2\/categories?post=9316"},{"taxonomy":"post_tag","embeddable":true,"href":"https:\/\/hostnetart.com.br\/baixada\/wp-json\/wp\/v2\/tags?post=9316"}],"curies":[{"name":"wp","href":"https:\/\/api.w.org\/{rel}","templated":true}]}}