{"id":9314,"date":"2020-07-28T17:02:21","date_gmt":"2020-07-28T20:02:21","guid":{"rendered":"https:\/\/hostnetart.com.br\/baixada\/nossa-forca-esta-na-uniao-entre-todos-trabalhadores-garante-fabiana-proscholdt\/"},"modified":"2020-07-28T17:02:21","modified_gmt":"2020-07-28T20:02:21","slug":"nossa-forca-esta-na-uniao-entre-todos-trabalhadores-garante-fabiana-proscholdt","status":"publish","type":"post","link":"https:\/\/hostnetart.com.br\/baixada\/nossa-forca-esta-na-uniao-entre-todos-trabalhadores-garante-fabiana-proscholdt\/","title":{"rendered":"\u201cNossa for\u00e7a est\u00e1 na uni\u00e3o entre todos trabalhadores\u201d, garante Fabiana Proscholdt"},"content":{"rendered":"<p>A Campanha Nacional dos 2020 promete ser muito dura para a categoria banc\u00e1ria. Os cen\u00e1rios pol\u00edtico, econ\u00f4mico, social e sanit\u00e1rio deixam os trabalhadores apreensivos e em busca de informa\u00e7\u00f5es. Por isso, neste momento, tem crescido as entrevistas das lideran\u00e7as sindicais. Uma delas, Fabiana Uehara Proscholdt, secret\u00e1ria de Cultura da Confedera\u00e7\u00e3o Nacional dos Trabalhadores do Ramo Financeiro (Contraf-CUT) e coordenadora dos Grupos de Trabalho Sa\u00fade Caixa e Sa\u00fade do Trabalhador, al\u00e9m de ser conselheira eleita no Conselho de Usu\u00e1rios do Sa\u00fade Caixa, deu uma\u00a0<a href=\"https:\/\/apcefrj.org.br\/portal\/apcef-rj-portal\/noticias\/em-entrevista-exclusiva-secretaria-de-cultura-da-contraf-cut-fala-sobre-a-defesa-dos-direitos-dos-empregados-da-caixa-100-publica-home-office-e-saude-caixa.htm\" target=\"_blank\" rel=\"noopener noreferrer\">entrevista ao site da APCEF\/RJ<\/a>. Veja alguns trechos:<\/p>\n<h4>APCEF\/ RJ \u2013 Fale um pouco sobre a configura\u00e7\u00e3o, como funciona e a import\u00e2ncia da mesa \u00fanica de negocia\u00e7\u00e3o?<\/h4>\n<p><strong>Fabiana Proscholdt\u00a0<\/strong>\u2013 Nossa categoria \u00e9 formada por 463 mil trabalhadores divididos em v\u00e1rios bancos. Quando falamos em mesa \u00fanica, falamos de acordos e conquistas que valem para todos esses trabalhadores. A nossa for\u00e7a est\u00e1 justamente na uni\u00e3o entre todos esses trabalhadores.<\/p>\n<h4>Recentemente, aconteceu a 22\u00aa Confer\u00eancia Nacional dos Banc\u00e1rios, sendo a primeira realizada por videoconfer\u00eancia. Quais as principais reivindica\u00e7\u00f5es da minuta aprovada e qual o principal legado deixado pela Confer\u00eancia?<\/h4>\n<p><strong>Fabiana Proscholdt<\/strong>\u00a0\u2013 Al\u00e9m da Confer\u00eancia Nacional, tamb\u00e9m tivemos o 36\u00ba Conecef, que \u00e9 o espa\u00e7o de constru\u00e7\u00e3o espec\u00edfico das reivindica\u00e7\u00f5es dos empregados da Caixa. Ambos foram feitos por videoconfer\u00eancia e, o que fica, \u00e9 que temos como nos reorganizar e mobilizar. A tecnologia est\u00e1 a\u00ed tamb\u00e9m para nos ajudar. E o tema foi perfeito: \u201ca dist\u00e2ncia n\u00e3o nos limita\u201d. As principais reivindica\u00e7\u00f5es s\u00e3o a manuten\u00e7\u00e3o dos direitos, aumento real, PLR e defesa da sa\u00fade.<\/p>\n<h4>Consta na minuta de reivindica\u00e7\u00f5es cl\u00e1usula para regular o home office. Qual a import\u00e2ncia desse item em termos de garantias de direitos dos banc\u00e1rios e banc\u00e1rias?<\/h4>\n<p><strong>Fabiana Proscholdt<\/strong>\u00a0\u2013 Para come\u00e7ar, o home office tem que ser um direito do banc\u00e1rio. Hoje, os custos desse trabalho est\u00e3o todos para o trabalhador: tem a quest\u00e3o de ergonomia etc. Assim, essa regula\u00e7\u00e3o \u00e9 importante justamente para se ter algum par\u00e2metro, al\u00e9m de resguardar a sa\u00fade.<\/p>\n<h4>Em termos de conquistas e lutas, o que representa a mesa de negocia\u00e7\u00e3o permanente com a dire\u00e7\u00e3o da Caixa?<\/h4>\n<p><strong>Fabiana Proscholdt<\/strong>\u00a0\u2013 Em um passado n\u00e3o t\u00e3o distante, a pauta da Caixa era entregue no estacionamento. N\u00e3o resolvemos tudo na Campanha Nacional e, gra\u00e7as \u00e0 mobiliza\u00e7\u00e3o e a constru\u00e7\u00e3o dos empregados, conquistamos em ACT a mesa permanente, que \u00e9 um espa\u00e7o para di\u00e1logo e encaminhamento dos problemas e poss\u00edveis solu\u00e7\u00f5es.<\/p>\n<h4>A Contraf-CUT congrega 8 federa\u00e7\u00f5es e 104 sindicatos. Na atual conjuntura, como \u00e9 dirigir a \u00e1rea de Cultura de uma entidade que representa quase 500 mil banc\u00e1rios e banc\u00e1rias?<\/h4>\n<p><strong>Fabiana Proscholdt<\/strong>\u00a0\u2013 \u00c9 uma pasta nova que reflete a configura\u00e7\u00e3o da CUT e que, assim, \u00e9 permeada de desafios. Hoje, o cen\u00e1rio \u00e9 de resist\u00eancia e manuten\u00e7\u00e3o dos direitos dos trabalhadores banc\u00e1rios. A Cultura \u00e9 uma vertente importante para atrair e agregar as pessoas para a luta, em especial os mais jovens.<\/p>\n<h4>Qual a import\u00e2ncia das entidades representativas dos empregados da Caixa \u2013 principalmente a Fenae, os sindicatos e as APCEFs \u2013 na luta pela manuten\u00e7\u00e3o da Caixa 100% p\u00fablica e na defesa dos direitos dos empregados?<\/h4>\n<p><strong>Fabiana Proscholdt<\/strong>\u00a0\u2013 At\u00e9 1985, os empregados da Caixa n\u00e3o eram considerados banc\u00e1rios e n\u00e3o tinham, inclusive, direito \u00e0 sindicaliza\u00e7\u00e3o. Naquele ano, foi feita uma das maiores greves dos empregados na luta pelas 6 horas e pelo direito de se sindicalizar. Antes disso, era atrav\u00e9s das APCEFs e Fenae que os empregados se organizavam e lutavam. A Fenae e APCEFs tiveram um papel fant\u00e1stico na vaquinha nacional, que foi feita para sustentar os empregados demitidos em 1991. Os sindicatos, APCEFs e Fenae s\u00e3o fundamentais para a manuten\u00e7\u00e3o e luta dos trabalhadores.<\/p>\n<h4>Voc\u00ea faz parte do Conselho de Usu\u00e1rios do Sa\u00fade Caixa. Como atua esse Conselho e qual sua import\u00e2ncia para os empregados?<\/h4>\n<p><strong>Fabiana Proscholdt\u00a0<\/strong>\u2013 O Conselho de Usu\u00e1rios \u00e9 um instrumento central para o acompanhamento da gest\u00e3o financeira e administrativa do Sa\u00fade Caixa, que tamb\u00e9m tem o papel de tentar resolver problemas enfrentados pelos usu\u00e1rios e de propor melhorias. Hoje, o Conselho possui car\u00e1ter consultivo.<\/p>\n<h4>A pandemia do coronav\u00edrus prossegue e nada dos empregados contratados desde 2018 pela Caixa serem inclu\u00eddos no Sa\u00fade Caixa. Em que p\u00e9 est\u00e1 essa luta e qual a expectativa?<\/h4>\n<p><strong>Fabiana Proscholdt\u00a0<\/strong>\u2013 Nossa luta \u00e9 pelo Sa\u00fade Caixa para Todos. N\u00e3o s\u00f3 para todos os empregados terem o mesmo direito no plano de sa\u00fade, mas tamb\u00e9m pela pr\u00f3pria sustentabilidade. A Contraf-CUT j\u00e1 cobrou em diversos of\u00edcios que esses colegas sejam inclu\u00eddos no plano ou que seja aberto negocia\u00e7\u00e3o para isso.<\/p>\n<h4>Mesmo sendo superavit\u00e1rio, o Sa\u00fade Caixa continua sofrendo fortes ataques. Como combater de forma mais efetiva essa t\u00e1tica que, al\u00e9m de prejudicar os empregados, visa desonerar a Caixa para torn\u00e1-la mais atrativa para privatiza\u00e7\u00e3o?<\/h4>\n<p><strong>Fabiana Proscholdt\u00a0<\/strong>\u2013 Temos que combater a Resolu\u00e7\u00e3o 4.424\/15 do Banco Central, para que n\u00e3o haja qualquer instrumento legal a obrigar a Caixa a cumprir normas destinadas a empresas abertas (CPC 33). Al\u00e9m disso, lutar pela retirada do 6,5% da folha de pagamento do estatuto da Caixa.<\/p>\n<h4>Como voc\u00ea avalia a atua\u00e7\u00e3o e empenho dos empregados da Caixa em meio \u00e0 crise do coronav\u00edrus?<\/h4>\n<p><strong>Fabiana Proscholdt<\/strong>\u00a0\u2013 Eu tenho orgulho dos colegas. Est\u00e3o dando o seu melhor mesmo com todos os riscos. O que \u00e9 inaceit\u00e1vel \u00e9 a dire\u00e7\u00e3o da empresa pressionar como tem pressionado por metas e afins, al\u00e9m de n\u00e3o cuidar como deveria dos colegas. A vida e sa\u00fade deles deveriam estar sempre em primeiro lugar.<\/p>\n<p><span style=\"text-decoration: underline;\"><em>Fonte: Contraf-CUT<\/em><\/span><\/p>\n","protected":false},"excerpt":{"rendered":"<p>A Campanha Nacional dos 2020 promete ser muito dura para a categoria banc\u00e1ria. Os cen\u00e1rios pol\u00edtico, econ\u00f4mico, social e sanit\u00e1rio deixam os trabalhadores apreensivos e em busca de informa\u00e7\u00f5es. Por isso, neste momento, tem crescido as entrevistas das lideran\u00e7as sindicais. Uma delas, Fabiana Uehara Proscholdt, secret\u00e1ria de Cultura da Confedera\u00e7\u00e3o Nacional dos Trabalhadores do Ramo [&hellip;]<\/p>\n","protected":false},"author":2,"featured_media":9313,"comment_status":"","ping_status":"","sticky":false,"template":"","format":"standard","meta":{"footnotes":""},"categories":[3],"tags":[],"class_list":["post-9314","post","type-post","status-publish","format-standard","has-post-thumbnail","hentry","category-noticias"],"_links":{"self":[{"href":"https:\/\/hostnetart.com.br\/baixada\/wp-json\/wp\/v2\/posts\/9314","targetHints":{"allow":["GET"]}}],"collection":[{"href":"https:\/\/hostnetart.com.br\/baixada\/wp-json\/wp\/v2\/posts"}],"about":[{"href":"https:\/\/hostnetart.com.br\/baixada\/wp-json\/wp\/v2\/types\/post"}],"author":[{"embeddable":true,"href":"https:\/\/hostnetart.com.br\/baixada\/wp-json\/wp\/v2\/users\/2"}],"replies":[{"embeddable":true,"href":"https:\/\/hostnetart.com.br\/baixada\/wp-json\/wp\/v2\/comments?post=9314"}],"version-history":[{"count":0,"href":"https:\/\/hostnetart.com.br\/baixada\/wp-json\/wp\/v2\/posts\/9314\/revisions"}],"wp:featuredmedia":[{"embeddable":true,"href":"https:\/\/hostnetart.com.br\/baixada\/wp-json\/wp\/v2\/media\/9313"}],"wp:attachment":[{"href":"https:\/\/hostnetart.com.br\/baixada\/wp-json\/wp\/v2\/media?parent=9314"}],"wp:term":[{"taxonomy":"category","embeddable":true,"href":"https:\/\/hostnetart.com.br\/baixada\/wp-json\/wp\/v2\/categories?post=9314"},{"taxonomy":"post_tag","embeddable":true,"href":"https:\/\/hostnetart.com.br\/baixada\/wp-json\/wp\/v2\/tags?post=9314"}],"curies":[{"name":"wp","href":"https:\/\/api.w.org\/{rel}","templated":true}]}}