{"id":9310,"date":"2020-07-28T03:08:10","date_gmt":"2020-07-28T06:08:10","guid":{"rendered":"https:\/\/hostnetart.com.br\/baixada\/contraf-cut-fara-live-sobre-saude-caixa\/"},"modified":"2020-07-28T03:08:10","modified_gmt":"2020-07-28T06:08:10","slug":"contraf-cut-fara-live-sobre-saude-caixa","status":"publish","type":"post","link":"https:\/\/hostnetart.com.br\/baixada\/contraf-cut-fara-live-sobre-saude-caixa\/","title":{"rendered":"Contraf-CUT far\u00e1 live sobre Sa\u00fade Caixa"},"content":{"rendered":"<p>A Confedera\u00e7\u00e3o Nacional dos Trabalhadores do Ramo Financeiro (Contraf-CUT) voltar\u00e1 a realizar sua transmiss\u00e3o ao vivo na noite desta quinta-feira (30), \u00e0s 20h. Desta vez, o tema ser\u00e1 Sa\u00fade Caixa.<\/p>\n<p>Para debater um assunto t\u00e3o importante para os empregados do banco p\u00fablico foi convidado um time de peso, com membros do Conselho de Usu\u00e1rios do Sa\u00fade Caixa, do Grupo de Trabalho Sa\u00fade Caixa e da Comiss\u00e3o Executiva dos Empregados da Caixa (CEE\/Caixa).<\/p>\n<p>O debate vem na hora certa, pois a todo momento a Caixa quer ludibriar os trabalhadores com discursos panflet\u00e1rios. Primeiro com a contrata\u00e7\u00e3o dos empregados PCD\u2019s que, ao contr\u00e1rio do que divulgam, aconteceu ap\u00f3s terem sido obrigados judicialmente, em a\u00e7\u00e3o do Minist\u00e9rio P\u00fablico. Tamb\u00e9m tentam convencer que as entidades de representa\u00e7\u00e3o dos empregados s\u00e3o as respons\u00e1veis pela n\u00e3o inclus\u00e3o dos novos contratados no Sa\u00fade Caixa, quando, na verdade, a pr\u00f3pria empresa colocou limites de gastos no estatuto para dificultar a entrada dos novos empregados no plano.<\/p>\n<p>Mas, por detr\u00e1s da cortina de fuma\u00e7a para esconder sua inten\u00e7\u00e3o privatista, a verdade est\u00e1 posta: se o custeio 70\/30 for mantido (sem teto de contribui\u00e7\u00e3o da Caixa) o plano \u00e9 sustent\u00e1vel e gerou altos super\u00e1vits durante toda sua exist\u00eancia at\u00e9 o exerc\u00edcio de 2015. Essa \u00e9 a maior prova de que o pacto geracional, a mensalidade proporcional ao sal\u00e1rio e cobran\u00e7a por grupo familiar, com coparticipa\u00e7\u00e3o de 20%, limitada ao um valor anual, \u00e9 um modelo inclusivo e sustent\u00e1vel e, mais do que isso, \u00e9 o que at\u00e9 hoje garantiu a sa\u00fade e manuten\u00e7\u00e3o deste que \u00e9 um dos direitos mais importantes dos trabalhadores da Caixa, o Sa\u00fade Caixa.<\/p>\n<p>Os debatedores ser\u00e3o Dion\u00edsio Reis, coordenador da CEE\/ Caixa, Fabiana Uehara Proscholdt, secret\u00e1ria da Cultura e representante da Contraf-CUT nas negocia\u00e7\u00f5es com o banco e coordenadora do GT de Sa\u00fade, Zuleida Martins Rosa, coordenadora da bancada dos eleitos e o m\u00e9dico Albucacis de Castro Pereira, gestor na \u00e1rea de Sa\u00fade e consultor da Federa\u00e7\u00e3o Nacional das Associa\u00e7\u00f5es do Pessoal da Caixa Econ\u00f4mica Federal (Fenae).<\/p>\n<p><strong>Fonte: Contraf-CUT<\/strong><\/p>\n","protected":false},"excerpt":{"rendered":"<p>A Confedera\u00e7\u00e3o Nacional dos Trabalhadores do Ramo Financeiro (Contraf-CUT) voltar\u00e1 a realizar sua transmiss\u00e3o ao vivo na noite desta quinta-feira (30), \u00e0s 20h. Desta vez, o tema ser\u00e1 Sa\u00fade Caixa. Para debater um assunto t\u00e3o importante para os empregados do banco p\u00fablico foi convidado um time de peso, com membros do Conselho de Usu\u00e1rios do [&hellip;]<\/p>\n","protected":false},"author":2,"featured_media":9309,"comment_status":"","ping_status":"","sticky":false,"template":"","format":"standard","meta":{"footnotes":""},"categories":[3],"tags":[],"class_list":["post-9310","post","type-post","status-publish","format-standard","has-post-thumbnail","hentry","category-noticias"],"_links":{"self":[{"href":"https:\/\/hostnetart.com.br\/baixada\/wp-json\/wp\/v2\/posts\/9310","targetHints":{"allow":["GET"]}}],"collection":[{"href":"https:\/\/hostnetart.com.br\/baixada\/wp-json\/wp\/v2\/posts"}],"about":[{"href":"https:\/\/hostnetart.com.br\/baixada\/wp-json\/wp\/v2\/types\/post"}],"author":[{"embeddable":true,"href":"https:\/\/hostnetart.com.br\/baixada\/wp-json\/wp\/v2\/users\/2"}],"replies":[{"embeddable":true,"href":"https:\/\/hostnetart.com.br\/baixada\/wp-json\/wp\/v2\/comments?post=9310"}],"version-history":[{"count":0,"href":"https:\/\/hostnetart.com.br\/baixada\/wp-json\/wp\/v2\/posts\/9310\/revisions"}],"wp:featuredmedia":[{"embeddable":true,"href":"https:\/\/hostnetart.com.br\/baixada\/wp-json\/wp\/v2\/media\/9309"}],"wp:attachment":[{"href":"https:\/\/hostnetart.com.br\/baixada\/wp-json\/wp\/v2\/media?parent=9310"}],"wp:term":[{"taxonomy":"category","embeddable":true,"href":"https:\/\/hostnetart.com.br\/baixada\/wp-json\/wp\/v2\/categories?post=9310"},{"taxonomy":"post_tag","embeddable":true,"href":"https:\/\/hostnetart.com.br\/baixada\/wp-json\/wp\/v2\/tags?post=9310"}],"curies":[{"name":"wp","href":"https:\/\/api.w.org\/{rel}","templated":true}]}}