{"id":9308,"date":"2020-07-28T03:05:31","date_gmt":"2020-07-28T06:05:31","guid":{"rendered":"https:\/\/hostnetart.com.br\/baixada\/saida-de-novaes-nao-reverte-projeto-de-privatizacao-do-banco-do-brasil\/"},"modified":"2020-07-28T03:05:31","modified_gmt":"2020-07-28T06:05:31","slug":"saida-de-novaes-nao-reverte-projeto-de-privatizacao-do-banco-do-brasil","status":"publish","type":"post","link":"https:\/\/hostnetart.com.br\/baixada\/saida-de-novaes-nao-reverte-projeto-de-privatizacao-do-banco-do-brasil\/","title":{"rendered":"Sa\u00edda de Novaes n\u00e3o reverte projeto de privatiza\u00e7\u00e3o do Banco do Brasil"},"content":{"rendered":"<h3><strong>Resumo da mat\u00e9ria<\/strong><\/h3>\n<ul>\n<li>O presidente do Banco do Brasil, Rubem Novaes, entregou carta de ren\u00fancia;<\/li>\n<li>Novaes alegou que motivo \u00e9 a necessidade de o banco se renovar;<\/li>\n<li>Coordenador da CEBB, Jo\u00e3o Fukunaga, diz que Novaes j\u00e1 vai tarde;<\/li>\n<li>Mas, para Fukunaga, todos os postulantes s\u00e3o representantes do mercado e tocar\u00e3o o projeto de privatiza\u00e7\u00e3o do banco;<\/li>\n<li>Sob o comando de Novaes, o BB cometeu diversos deslizes.<\/li>\n<\/ul>\n<h3>Continue lendo<\/h3>\n<p>O presidente do Banco do Brasil, Rubem Novaes, entregou sua carta de ren\u00fancia ao presidente Jair Bolsonaro e ao ministro da Economia, Paulo Guedes. O banco\u00a0<a href=\"https:\/\/s3.amazonaws.com\/mz-filemanager\/5760dff3-15e1-4962-9e81-322a0b3d0bbd\/e54c45e2-fd8c-4a4d-bd31-a67a4b55fbfc_fr_presidente%20rubem.pdf\" target=\"_blank\" rel=\"noopener noreferrer\">divulgou a informa\u00e7\u00e3o aos investidores<\/a>\u00a0no dia 24 de julho em um \u201cfato relevante\u201d. Segundo o comunicado, o que motivou o pedido foi a necessidade de o banco se renovar \u201cpara enfrentar os momentos futuros de muitas inova\u00e7\u00f5es no sistema banc\u00e1rio\u201d.<\/p>\n<p>\u201cTodos sabemos da import\u00e2ncia que o Banco do Brasil tem para a sociedade e de sua capacidade para atender as demandas que lhes s\u00e3o colocadas. Mas, Novaes n\u00e3o acreditava neste potencial, ou sabia da capacidade do banco e foi colocado no posto justamente para min\u00e1-lo. Seja por um motivo ou por outro, jamais deveria ter assumiu o cargo\u201d, disse o coordenador da Comiss\u00e3o de Empresa dos Funcion\u00e1rios do Banco do Brasil (CEBB), Jo\u00e3o Fukunaga.<\/p>\n<p>\u201cMas, sabemos tamb\u00e9m das inten\u00e7\u00f5es do ministro da Economia (Paulo Guedes) de privatizar o banco. Por isso, apesar de Novaes j\u00e1 ter ido tarde, n\u00e3o podemos esperar algo melhor de quem o substituir\u00e1.\u00a0<a href=\"https:\/\/outline.com\/pssMFD\" target=\"_blank\" rel=\"noopener noreferrer\">Todos os postulantes ao cargo<\/a>\u00a0s\u00e3o representantes do mercado e tamb\u00e9m defendem a continuidade do desmonte para for\u00e7ar a privatiza\u00e7\u00e3o do banco\u201d, completou.<\/p>\n<p>Fukunaga lembrou ainda das declara\u00e7\u00f5es de Paulo Guedes durante a famosa\u00a0<a href=\"https:\/\/contrafcut.com.br\/noticias\/video-da-reuniao-ministerial-e-prova-de-ataques-ao-banco-do-brasil\/\" target=\"_blank\" rel=\"noopener noreferrer\">reuni\u00e3o ministerial<\/a>, na qual o ministro disse que, apesar de ter um liberal na presid\u00eancia do banco, n\u00e3o conseguia rumar para a privatiza\u00e7\u00e3o e tampouco fazer o controle das taxas de juros.<\/p>\n<h3><strong>Outros deslizes<\/strong><\/h3>\n<p>Sob o comando de Novaes, o Banco do Brasil cometeu\u00a0<a href=\"https:\/\/contrafcut.com.br\/noticias\/contraf-cut-critica-nova-ingerencia-no-banco-do-brasil\/\" target=\"_blank\" rel=\"noopener noreferrer\">v\u00e1rios deslizes<\/a>. Patrocinou jantar nos Estados Unidos para homenagear o presidente Bolsonaro, mesmo depois de v\u00e1rias empresas terem cancelado o patroc\u00ednio; promoveu ascens\u00e3o mete\u00f3rica do filho do vice-presidente, Hamilton Mour\u00e3o; proibiu an\u00fancio do banco voltado ao p\u00fablico jovem, com a suposta alega\u00e7\u00e3o de que o filme publicit\u00e1rio utilizava atores homossexuais e usu\u00e1rios de drogas e isso poderia prejudicar a imagem do banco; cancelou o patroc\u00ednio a sites que supostamente veiculam not\u00edcias falsas ap\u00f3s den\u00fancia pelo Sleeping Giants Brasil, voltou a patrocinar o site ap\u00f3s interven\u00e7\u00e3o do vereador Carlos Bolsonaro e voltou a ter os an\u00fancios\u00a0<a href=\"https:\/\/contrafcut.com.br\/noticias\/tcu-suspende-publicidade-do-banco-do-brasil-em-sites-de-fake-news\/\" target=\"_blank\" rel=\"noopener noreferrer\">cancelados por determina\u00e7\u00e3o do TCU<\/a>.<\/p>\n<p><strong>Fonte: Contraf-CUT<\/strong><\/p>\n","protected":false},"excerpt":{"rendered":"<p>Resumo da mat\u00e9ria O presidente do Banco do Brasil, Rubem Novaes, entregou carta de ren\u00fancia; Novaes alegou que motivo \u00e9 a necessidade de o banco se renovar; Coordenador da CEBB, Jo\u00e3o Fukunaga, diz que Novaes j\u00e1 vai tarde; Mas, para Fukunaga, todos os postulantes s\u00e3o representantes do mercado e tocar\u00e3o o projeto de privatiza\u00e7\u00e3o do [&hellip;]<\/p>\n","protected":false},"author":2,"featured_media":9307,"comment_status":"","ping_status":"","sticky":false,"template":"","format":"standard","meta":{"footnotes":""},"categories":[3],"tags":[],"class_list":["post-9308","post","type-post","status-publish","format-standard","has-post-thumbnail","hentry","category-noticias"],"_links":{"self":[{"href":"https:\/\/hostnetart.com.br\/baixada\/wp-json\/wp\/v2\/posts\/9308","targetHints":{"allow":["GET"]}}],"collection":[{"href":"https:\/\/hostnetart.com.br\/baixada\/wp-json\/wp\/v2\/posts"}],"about":[{"href":"https:\/\/hostnetart.com.br\/baixada\/wp-json\/wp\/v2\/types\/post"}],"author":[{"embeddable":true,"href":"https:\/\/hostnetart.com.br\/baixada\/wp-json\/wp\/v2\/users\/2"}],"replies":[{"embeddable":true,"href":"https:\/\/hostnetart.com.br\/baixada\/wp-json\/wp\/v2\/comments?post=9308"}],"version-history":[{"count":0,"href":"https:\/\/hostnetart.com.br\/baixada\/wp-json\/wp\/v2\/posts\/9308\/revisions"}],"wp:featuredmedia":[{"embeddable":true,"href":"https:\/\/hostnetart.com.br\/baixada\/wp-json\/wp\/v2\/media\/9307"}],"wp:attachment":[{"href":"https:\/\/hostnetart.com.br\/baixada\/wp-json\/wp\/v2\/media?parent=9308"}],"wp:term":[{"taxonomy":"category","embeddable":true,"href":"https:\/\/hostnetart.com.br\/baixada\/wp-json\/wp\/v2\/categories?post=9308"},{"taxonomy":"post_tag","embeddable":true,"href":"https:\/\/hostnetart.com.br\/baixada\/wp-json\/wp\/v2\/tags?post=9308"}],"curies":[{"name":"wp","href":"https:\/\/api.w.org\/{rel}","templated":true}]}}