{"id":9304,"date":"2020-07-27T16:54:33","date_gmt":"2020-07-27T19:54:33","guid":{"rendered":"https:\/\/hostnetart.com.br\/baixada\/acao-em-rede-quer-envolver-os-453-mil-bancarios-do-pais-em-campanha-salarial\/"},"modified":"2020-07-27T16:54:33","modified_gmt":"2020-07-27T19:54:33","slug":"acao-em-rede-quer-envolver-os-453-mil-bancarios-do-pais-em-campanha-salarial","status":"publish","type":"post","link":"https:\/\/hostnetart.com.br\/baixada\/acao-em-rede-quer-envolver-os-453-mil-bancarios-do-pais-em-campanha-salarial\/","title":{"rendered":"A\u00e7\u00e3o em rede quer envolver os 453 mil banc\u00e1rios do pa\u00eds em campanha salarial"},"content":{"rendered":"<p>Os n\u00fameros que envolvem a categoria banc\u00e1ria s\u00e3o grandiosos. Entre bancos p\u00fablicos e privados s\u00e3o 453 mil trabalhadores distribu\u00eddos por mais de 38 mil locais de trabalho em todo o Brasil. Servem a um setor que n\u00e3o sabe o que \u00e9 crise. Em 2019, somente as cinco maiores institui\u00e7\u00f5es financeiras (Banco do Brasil, Bradesco, Caixa Econ\u00f4mica Federal, Ita\u00fa e Santander) somaram lucros de R$ 108 bilh\u00f5es, alta de 30,3% em rela\u00e7\u00e3o ao ano anterior. A conven\u00e7\u00e3o coletiva de trabalho j\u00e1 conta 28 anos e \u00e9 considerada refer\u00eancia de negocia\u00e7\u00e3o.<\/p>\n<p class=\"has-background has-very-light-gray-background-color\">\u2022\u00a0<a href=\"https:\/\/www.redebrasilatual.com.br\/economia\/2020\/04\/reducao-tributo-bancos\/\" target=\"_blank\" rel=\"noopener noreferrer\">Em meio \u00e0 pandemia, governo alivia tributa\u00e7\u00e3o sobre lucros de bancos<\/a><\/p>\n<p>Ao longo de d\u00e9cadas, banc\u00e1rios em campanha \u00e9 sin\u00f4nimo de grandes atos de rua, paralisa\u00e7\u00f5es, greves. Em tempos de isolamento social, no entanto, est\u00e3o inovando \u2013 como j\u00e1 fizeram outras vezes na hist\u00f3ria. A campanha nacional 2020 ser\u00e1 marcadamente virtual.<\/p>\n<p>Ferramentas digitais para a realiza\u00e7\u00e3o de assembleias e das confer\u00eancias estaduais e nacional permitiram a participa\u00e7\u00e3o de milhares de trabalhadores por todo o pa\u00eds. Desde a\u00a0<a href=\"https:\/\/contrafcut.com.br\/noticias\/consulta-mostra-aumento-real-manutencao-de-direitos-e-defesa-da-saude-como-prioridades-da-categoria\/\" target=\"_blank\" rel=\"noopener noreferrer\">consulta<\/a>\u00a0por meio da qual os banc\u00e1rios opinam sobre as prioridades a serem debatidas na mesa de negocia\u00e7\u00e3o com a federa\u00e7\u00e3o dos bancos (Fenaban) at\u00e9 a participa\u00e7\u00e3o em assembleias e nas mesas que trataram das\u00a0<a href=\"https:\/\/www.redebrasilatual.com.br\/trabalho\/2020\/07\/bancarios-pauta-negociacoes-fenaban\/\" target=\"_blank\" rel=\"noopener noreferrer\">reivindica\u00e7\u00f5es apresentadas aos patr\u00f5es<\/a>\u00a0nesta quinta-feira (23), tudo foi feito a dist\u00e2ncia. N\u00e3o por acaso, uma das principais demandas da categoria est\u00e1 na manuten\u00e7\u00e3o de direitos e na defesa da sa\u00fade diante do\u00a0<a href=\"https:\/\/www.redebrasilatual.com.br\/trabalho\/2020\/07\/renovacao-acordo-nacional-bancarios-regula-teletrabalho\/\" target=\"_blank\" rel=\"noopener noreferrer\">teletrabalho<\/a>, que j\u00e1 abrange milhares de banc\u00e1rios.<\/p>\n<h2><span style=\"text-decoration: underline;\">Presen\u00e7a inovadora<\/span><\/h2>\n<p>A\u00a0<strong>RBA<\/strong>\u00a0ouviu as coordenadoras do Comando Nacional dos banc\u00e1rios, Juvandia Moreira e Ivone Silva, para falar dessa campanha in\u00e9dita.<\/p>\n<p>\u201cSem d\u00favida, os banc\u00e1rios em campanha sair\u00e3o na frente na regula\u00e7\u00e3o do teletrabalho\u201d, avalia Juvandia, que \u00e9 presidenta da Confedera\u00e7\u00e3o dos Trabalhadores do Ramo Financeiro (<a href=\"https:\/\/contrafcut.com.br\/\" target=\"_blank\" rel=\"noopener noreferrer\">Contraf-CUT<\/a>). \u201cN\u00e3o que outras categorias j\u00e1 n\u00e3o tenham esse desafio. \u00c9 que a gente tem uma cl\u00e1usula muito completa, constru\u00edda com base na realidade do que as pessoas j\u00e1 est\u00e3o vivendo, com base no di\u00e1logo com esses trabalhadores sobre o que eles est\u00e3o passando, sobre o que eles est\u00e3o sentindo. E com base na legisla\u00e7\u00e3o de outros pa\u00edses, como Portugal, que \u00e9 um dos pa\u00edses que tem legisla\u00e7\u00e3o mais avan\u00e7ada em rela\u00e7\u00e3o ao teletrabalho.<\/p>\n<p>A presidenta da Contraf considera \u201cmuito rico\u201d todo esse novo processo da campanha 2020, que rendeu intensa participa\u00e7\u00e3o. \u201cDeu muito certo. N\u00f3s aprendemos que podemos e devemos aprender a usar a tecnologia a favor da nossa organiza\u00e7\u00e3o.\u201d<\/p>\n<p>Ivone Silva, presidenta do Sindicato dos\u00a0<a href=\"https:\/\/www.spbancarios.com.br\/\" target=\"_blank\" rel=\"noopener noreferrer\">Banc\u00e1rios de S\u00e3o Paulo<\/a>, Osasco e Regi\u00e3o, um dos maiores do pa\u00eds, completa: \u201cA tecnologia tem de estar a favor da sociedade. Tem de ser pra diminuir a quantidade de horas trabalhadas, para que as pessoas possam viver melhor. O que a gente est\u00e1 vendo s\u00e3o empres\u00e1rios utilizando a tecnologia para baixar seus custos, aumentar jornadas, reduzir o sal\u00e1rio. Essa \u00e9 a grande quest\u00e3o\u201d.<\/p>\n<p>Ivone defende que, enquanto houver essa forma de organiza\u00e7\u00e3o da economia, enquanto houver o capitalismo, sempre vai precisar existir sindicato. \u201cNesse momento mais cr\u00edtico da vida dele, que \u00e9 o dessa pandemia, o trabalhador viu a import\u00e2ncia de ter um sindicato forte. Porque foi o sindicato que negociou pra que ele pudesse ficar em casa e manter seus direitos. Ele reconhece isso.\u201d<\/p>\n<h3>Nem novo, nem normal<\/h3>\n<p>O \u201cnovo normal\u201d no ambiente de trabalho, avalia Juvandia, j\u00e1 \u00e9 realidade na vida dos banc\u00e1rios, e um desafio nessa campanha. \u201cQueremos que esse \u2018novo normal\u2019 seja um novo normal sem adoecimento, que n\u00e3o aprofunde o adoecimento mental, que j\u00e1 era presente na nossa categoria, em fun\u00e7\u00e3o das cobran\u00e7as excessivas de metas. Conciliar essa nova realidade com os resultados que s\u00e3o cobrados \u00e9 o nosso novo desafio de constru\u00e7\u00e3o.\u201d<\/p>\n<p>No dia a dia da sociedade, no entanto, Ivone Silva considera o \u201cesse tal novo normal\u201d muito question\u00e1vel. \u201cSe for pra continuar vendo morte, se for pra continuar essa pobreza que j\u00e1 havia, se for para continuar essa sociedade t\u00e3o desigual, n\u00f3s n\u00e3o podemos considerar isso como normal\u201d, diz. \u201cEu tinha muito mais esperan\u00e7a que nessa pandemia mais gente mudasse. Eu fico muito decepcionada de ver o quanto as pessoas est\u00e3o normalizando a quest\u00e3o das mortes todos os dias. Por isso que eu questiono esse tal de novo normal: que novo normal \u00e9 esse? N\u00e3o d\u00e1 pra aceitar a normalidade disso.\u201d<\/p>\n<p><strong>Fonte: Rede Brasil Atual<\/strong><\/p>\n","protected":false},"excerpt":{"rendered":"<p>Os n\u00fameros que envolvem a categoria banc\u00e1ria s\u00e3o grandiosos. Entre bancos p\u00fablicos e privados s\u00e3o 453 mil trabalhadores distribu\u00eddos por mais de 38 mil locais de trabalho em todo o Brasil. Servem a um setor que n\u00e3o sabe o que \u00e9 crise. Em 2019, somente as cinco maiores institui\u00e7\u00f5es financeiras (Banco do Brasil, Bradesco, Caixa [&hellip;]<\/p>\n","protected":false},"author":2,"featured_media":9303,"comment_status":"","ping_status":"","sticky":false,"template":"","format":"standard","meta":{"footnotes":""},"categories":[3],"tags":[],"class_list":["post-9304","post","type-post","status-publish","format-standard","has-post-thumbnail","hentry","category-noticias"],"_links":{"self":[{"href":"https:\/\/hostnetart.com.br\/baixada\/wp-json\/wp\/v2\/posts\/9304","targetHints":{"allow":["GET"]}}],"collection":[{"href":"https:\/\/hostnetart.com.br\/baixada\/wp-json\/wp\/v2\/posts"}],"about":[{"href":"https:\/\/hostnetart.com.br\/baixada\/wp-json\/wp\/v2\/types\/post"}],"author":[{"embeddable":true,"href":"https:\/\/hostnetart.com.br\/baixada\/wp-json\/wp\/v2\/users\/2"}],"replies":[{"embeddable":true,"href":"https:\/\/hostnetart.com.br\/baixada\/wp-json\/wp\/v2\/comments?post=9304"}],"version-history":[{"count":0,"href":"https:\/\/hostnetart.com.br\/baixada\/wp-json\/wp\/v2\/posts\/9304\/revisions"}],"wp:featuredmedia":[{"embeddable":true,"href":"https:\/\/hostnetart.com.br\/baixada\/wp-json\/wp\/v2\/media\/9303"}],"wp:attachment":[{"href":"https:\/\/hostnetart.com.br\/baixada\/wp-json\/wp\/v2\/media?parent=9304"}],"wp:term":[{"taxonomy":"category","embeddable":true,"href":"https:\/\/hostnetart.com.br\/baixada\/wp-json\/wp\/v2\/categories?post=9304"},{"taxonomy":"post_tag","embeddable":true,"href":"https:\/\/hostnetart.com.br\/baixada\/wp-json\/wp\/v2\/tags?post=9304"}],"curies":[{"name":"wp","href":"https:\/\/api.w.org\/{rel}","templated":true}]}}