{"id":9300,"date":"2020-07-27T14:29:55","date_gmt":"2020-07-27T17:29:55","guid":{"rendered":"https:\/\/hostnetart.com.br\/baixada\/contraf-cut-cobra-o-fim-do-abuso-na-caixa\/"},"modified":"2020-07-27T14:29:55","modified_gmt":"2020-07-27T17:29:55","slug":"contraf-cut-cobra-o-fim-do-abuso-na-caixa","status":"publish","type":"post","link":"https:\/\/hostnetart.com.br\/baixada\/contraf-cut-cobra-o-fim-do-abuso-na-caixa\/","title":{"rendered":"Contraf-CUT cobra o fim do abuso na Caixa"},"content":{"rendered":"<p>A Confedera\u00e7\u00e3o Nacional dos Trabalhadores do Ramo Financeiro (Contraf-CUT), por interm\u00e9dio da Comiss\u00e3o Executiva dos Empregados da Caixa (CEE\/ Caixa), cobra o fim do trabalho estendido (aos finais de semana), o fim da cobran\u00e7a de metas e a volta do contingenciamento nas ag\u00eancias para garantir que a popula\u00e7\u00e3o seja atendida da melhor forma sem sobrecarregar os empregados.<\/p>\n<p>A cobran\u00e7a foi motivada pela convoca\u00e7\u00e3o dos gerentes gerais a trabalharem neste s\u00e1bado (25). A a\u00e7\u00e3o revoltou os empregados, que h\u00e1 meses trabalham exaustivamente. Desabafos de trabalhadores come\u00e7aram a pipocar nas redes sociais. Um dos mais famosos tem o t\u00edtulo \u201cvoc\u00eas v\u00e3o nos matar\u201d e aponta que \u201co que a Caixa quer na pandemia n\u00e3o \u00e9 gest\u00e3o, \u00e9 milagre, \u00e9 o imposs\u00edvel.\u201d<\/p>\n<p>Outro relata a enorme lista di\u00e1ria de demandas, entre elas \u201cassistir Live idiota todo dia \u00e0s 16h.\u201d<\/p>\n<p>\u201cOs empregados n\u00e3o aguentam mais tanta press\u00e3o, tanta cobran\u00e7a, tanta meta. Existe uma pandemia acontecendo, os atendimentos precisam ser feitos exclusivamente para os pagamentos. A meta agora tem de ser a preserva\u00e7\u00e3o das vidas\u201d, afirmou Dion\u00edsio Reis, coordenador da CEE\/Caixa.<\/p>\n<p><strong>Fonte: Contraf-CUT<\/strong><\/p>\n","protected":false},"excerpt":{"rendered":"<p>A Confedera\u00e7\u00e3o Nacional dos Trabalhadores do Ramo Financeiro (Contraf-CUT), por interm\u00e9dio da Comiss\u00e3o Executiva dos Empregados da Caixa (CEE\/ Caixa), cobra o fim do trabalho estendido (aos finais de semana), o fim da cobran\u00e7a de metas e a volta do contingenciamento nas ag\u00eancias para garantir que a popula\u00e7\u00e3o seja atendida da melhor forma sem sobrecarregar [&hellip;]<\/p>\n","protected":false},"author":2,"featured_media":9299,"comment_status":"","ping_status":"","sticky":false,"template":"","format":"standard","meta":{"footnotes":""},"categories":[3],"tags":[],"class_list":["post-9300","post","type-post","status-publish","format-standard","has-post-thumbnail","hentry","category-noticias"],"_links":{"self":[{"href":"https:\/\/hostnetart.com.br\/baixada\/wp-json\/wp\/v2\/posts\/9300","targetHints":{"allow":["GET"]}}],"collection":[{"href":"https:\/\/hostnetart.com.br\/baixada\/wp-json\/wp\/v2\/posts"}],"about":[{"href":"https:\/\/hostnetart.com.br\/baixada\/wp-json\/wp\/v2\/types\/post"}],"author":[{"embeddable":true,"href":"https:\/\/hostnetart.com.br\/baixada\/wp-json\/wp\/v2\/users\/2"}],"replies":[{"embeddable":true,"href":"https:\/\/hostnetart.com.br\/baixada\/wp-json\/wp\/v2\/comments?post=9300"}],"version-history":[{"count":0,"href":"https:\/\/hostnetart.com.br\/baixada\/wp-json\/wp\/v2\/posts\/9300\/revisions"}],"wp:featuredmedia":[{"embeddable":true,"href":"https:\/\/hostnetart.com.br\/baixada\/wp-json\/wp\/v2\/media\/9299"}],"wp:attachment":[{"href":"https:\/\/hostnetart.com.br\/baixada\/wp-json\/wp\/v2\/media?parent=9300"}],"wp:term":[{"taxonomy":"category","embeddable":true,"href":"https:\/\/hostnetart.com.br\/baixada\/wp-json\/wp\/v2\/categories?post=9300"},{"taxonomy":"post_tag","embeddable":true,"href":"https:\/\/hostnetart.com.br\/baixada\/wp-json\/wp\/v2\/tags?post=9300"}],"curies":[{"name":"wp","href":"https:\/\/api.w.org\/{rel}","templated":true}]}}