{"id":9298,"date":"2020-07-24T19:09:17","date_gmt":"2020-07-24T22:09:17","guid":{"rendered":"https:\/\/hostnetart.com.br\/baixada\/entregadores-de-aplicativos-fazem-segunda-greve-nacional-neste-sabado\/"},"modified":"2020-07-24T19:09:17","modified_gmt":"2020-07-24T22:09:17","slug":"entregadores-de-aplicativos-fazem-segunda-greve-nacional-neste-sabado","status":"publish","type":"post","link":"https:\/\/hostnetart.com.br\/baixada\/entregadores-de-aplicativos-fazem-segunda-greve-nacional-neste-sabado\/","title":{"rendered":"Entregadores de aplicativos fazem segunda greve nacional neste s\u00e1bado"},"content":{"rendered":"<p>Entregadores de aplicativos realizam neste s\u00e1bado (25) uma nova greve nacional da categoria. \u00c9 a segunda paralisa\u00e7\u00e3o, em menos de um m\u00eas, por melhores condi\u00e7\u00f5es de trabalho. Assim como ocorreu no dia 1\u00ba, al\u00e9m de suspender as atividades, motoboys e ciclistas far\u00e3o manifesta\u00e7\u00f5es em diversas cidades do pa\u00eds.<\/p>\n<p>Dessa vez, o \u201cbreque dos apps\u201d ocorrer\u00e1 num s\u00e1bado, porque durante o final de semana \u00e9 maior a procura pelos servi\u00e7os de\u00a0<em>delivery<\/em>\u00a0de comida. Os entregadores pedem que a popula\u00e7\u00e3o apoie a paralisa\u00e7\u00e3o, n\u00e3o realizando pedidos nesse dia.<\/p>\n<p>A ideia \u00e9 fazer que empresas como IFood, Uber Eats, Rappi, Loggi e James negociem com os trabalhadores. Em primeiro lugar, eles reivindicam aumento da taxa de entrega e do valor pago por quil\u00f4metro rodado. Tamb\u00e9m querem o fim dos bloqueios indevidos. Muitos trabalhadores denunciam que s\u00e3o exclu\u00eddos dos aplicativos e impedidos de trabalhar de maneira arbitr\u00e1ria, sem nenhuma justificativa.<\/p>\n<p>Ainda mais essenciais durante a pandemia, por conta das medidas de distanciamento social, os entregadores viram seus rendimentos despencarem, enquanto aumentaram os lucros das empresas. Apesar disso, eles reclamam que n\u00e3o receberam sequer equipamentos de prote\u00e7\u00e3o individual (EPIs) para se proteger do cont\u00e1gio da doen\u00e7a.<\/p>\n<h2><span style=\"text-decoration: underline;\">Sem di\u00e1logo<\/span><\/h2>\n<p>No entanto, at\u00e9 o momento, os aplicativos se recusam a atender as demandas apresentadas. Elas se definem como empresas de tecnologia, e n\u00e3o de log\u00edstica, e tratam os trabalhadores como \u201cparceiros\u201d ou \u201cempreendedores\u201d. Neste sentido, as paralisa\u00e7\u00f5es tem servido para criar uma\u00a0<a href=\"https:\/\/www.redebrasilatual.com.br\/trabalho\/2020\/06\/entregadores-aplicativos-monopolios-direitos\/\" target=\"_blank\" rel=\"noopener noreferrer\">nova consci\u00eancia<\/a>\u00a0coletiva entre os entregadores, afastada da ideologia do empreendedorismo.<\/p>\n<p>Paulo Lima, conhecido como Galo, l\u00edder dos Entregadores Antifascistas \u2013 um dos grupos que organizam a categoria \u2013,\u00a0<a href=\"https:\/\/www.sul21.com.br\/ultimas-noticias\/geral\/2020\/07\/nao-da-pra-fazer-carreira-na-politica-de-rua-mas-da-pra-fazer-historia-diz-galo-de-luta-dos-entregadores-antifascistas\/\" target=\"_blank\" rel=\"noopener noreferrer\">anunciou<\/a>\u00a0que eles agora pretendem organizar uma cooperativa de trabalhadores e desenvolver um aplicativo pr\u00f3prio, para por fim \u00e0 explora\u00e7\u00e3o das grandes empresas.<\/p>\n<h2><span style=\"text-decoration: underline;\">Explora\u00e7\u00e3o<\/span><\/h2>\n<p>Com o aumento do desemprego, os aplicativos de entrega viraram uma das principais alternativas para os trabalhadores informais. S\u00f3 o IFood recebeu 480 mil novos inscritos, entre mar\u00e7o e junho. J\u00e1 a Rappi diz ter registrado aumento de 128% em abril, na compara\u00e7\u00e3o com igual m\u00eas ano passado. Com mais motoristas nas ruas, cai o valor pago pelo servi\u00e7o.<\/p>\n<p><a href=\"https:\/\/www.redebrasilatual.com.br\/trabalho\/2020\/06\/greve-aplicativos-entregadores\/\" target=\"_blank\" rel=\"noopener noreferrer\">Entrevistados pela\u00a0<strong>RBA<\/strong><\/a>, os entregadores relataram piora nas condi\u00e7\u00f5es de trabalho. Al\u00e9m disso, pesquisa\u00a0<em>on-line<\/em>\u00a0realizada pela Rede de Estudos e Monitoramento da Reforma Trabalhista (Remir Trabalho), da Universidade Estadual de Campinas (Unicamp), mostrou que 68,9% dos entregadores tiveram queda nos ganhos durante a pandemia. Um ter\u00e7o dos trabalhadores (34%) ganham em torno de um sal\u00e1rio m\u00ednimo (R$ 1.045).<\/p>\n<h2><span style=\"text-decoration: underline;\">Queima dos apps<\/span><\/h2>\n<p>Al\u00e9m do boicote no dia da greve, os consumidores tamb\u00e9m podem colaborar com a luta dos entregadores atribuindo a menor nota aos aplicativos nas lojas virtuais. E deixando coment\u00e1rios para denunciar a explora\u00e7\u00e3o dos trabalhadores.<\/p>\n<p>Em 1\u00ba de julho, durante a primeira paralisa\u00e7\u00e3o, os principais aplicativos receberam\u00a0<a href=\"https:\/\/www.redebrasilatual.com.br\/trabalho\/2020\/07\/aplicativos-receberam-mais-de-50-mil-avaliacoes-negativas-durante-a-greve-dos-entregadores\/\" target=\"_blank\" rel=\"noopener noreferrer\">53.411 avalia\u00e7\u00f5es<\/a>\u00a0\u2013 em 98% os usu\u00e1rios atribu\u00edram apenas uma estrela, e deixaram cr\u00edticas ao modelo de neg\u00f3cios adotado por essas empresas.<\/p>\n<p><strong>Fonte: Rede Brasil Atual<\/strong><\/p>\n","protected":false},"excerpt":{"rendered":"<p>Entregadores de aplicativos realizam neste s\u00e1bado (25) uma nova greve nacional da categoria. \u00c9 a segunda paralisa\u00e7\u00e3o, em menos de um m\u00eas, por melhores condi\u00e7\u00f5es de trabalho. Assim como ocorreu no dia 1\u00ba, al\u00e9m de suspender as atividades, motoboys e ciclistas far\u00e3o manifesta\u00e7\u00f5es em diversas cidades do pa\u00eds. Dessa vez, o \u201cbreque dos apps\u201d ocorrer\u00e1 [&hellip;]<\/p>\n","protected":false},"author":2,"featured_media":9297,"comment_status":"","ping_status":"","sticky":false,"template":"","format":"standard","meta":{"footnotes":""},"categories":[3],"tags":[],"class_list":["post-9298","post","type-post","status-publish","format-standard","has-post-thumbnail","hentry","category-noticias"],"_links":{"self":[{"href":"https:\/\/hostnetart.com.br\/baixada\/wp-json\/wp\/v2\/posts\/9298","targetHints":{"allow":["GET"]}}],"collection":[{"href":"https:\/\/hostnetart.com.br\/baixada\/wp-json\/wp\/v2\/posts"}],"about":[{"href":"https:\/\/hostnetart.com.br\/baixada\/wp-json\/wp\/v2\/types\/post"}],"author":[{"embeddable":true,"href":"https:\/\/hostnetart.com.br\/baixada\/wp-json\/wp\/v2\/users\/2"}],"replies":[{"embeddable":true,"href":"https:\/\/hostnetart.com.br\/baixada\/wp-json\/wp\/v2\/comments?post=9298"}],"version-history":[{"count":0,"href":"https:\/\/hostnetart.com.br\/baixada\/wp-json\/wp\/v2\/posts\/9298\/revisions"}],"wp:featuredmedia":[{"embeddable":true,"href":"https:\/\/hostnetart.com.br\/baixada\/wp-json\/wp\/v2\/media\/9297"}],"wp:attachment":[{"href":"https:\/\/hostnetart.com.br\/baixada\/wp-json\/wp\/v2\/media?parent=9298"}],"wp:term":[{"taxonomy":"category","embeddable":true,"href":"https:\/\/hostnetart.com.br\/baixada\/wp-json\/wp\/v2\/categories?post=9298"},{"taxonomy":"post_tag","embeddable":true,"href":"https:\/\/hostnetart.com.br\/baixada\/wp-json\/wp\/v2\/tags?post=9298"}],"curies":[{"name":"wp","href":"https:\/\/api.w.org\/{rel}","templated":true}]}}