{"id":9296,"date":"2020-07-24T19:08:26","date_gmt":"2020-07-24T22:08:26","guid":{"rendered":"https:\/\/hostnetart.com.br\/baixada\/contraf-cut-disponibiliza-manifesto-contra-venda-da-ab\/"},"modified":"2020-07-24T19:08:26","modified_gmt":"2020-07-24T22:08:26","slug":"contraf-cut-disponibiliza-manifesto-contra-venda-da-ab","status":"publish","type":"post","link":"https:\/\/hostnetart.com.br\/baixada\/contraf-cut-disponibiliza-manifesto-contra-venda-da-ab\/","title":{"rendered":"Contraf-CUT disponibiliza manifesto contra venda da AB"},"content":{"rendered":"<p>A Confedera\u00e7\u00e3o Nacional dos Trabalhadores do Ramo Financeiro (Contraf-CUT) disponibiliza em seu site um manifesto dos diretores da Associa\u00e7\u00e3o Brasil (AB) ligados ao movimento sindical contra o fim da entidade.<\/p>\n<p>Para eles, o fim da AB \u00e9 o objetivo da nova gest\u00e3o \u201cao vender o seu patrim\u00f4nio a pre\u00e7o de banana\u201d. Os diretores ligados ao movimento sindical reivindicam uma assembleia para decidir sobre a venda desses im\u00f3veis. De acordo com o pr\u00f3prio Estatuto da AB, \u201ccompete \u00e0 Assembleia Geral Extraordin\u00e1ria (AGE) autorizar, mediante proposta do Conselho de Administra\u00e7\u00e3o, a aliena\u00e7\u00e3o de bens im\u00f3veis (Art. 64, par\u00e1grafo \u00fanico, III).\u201d<\/p>\n<p>Os diretores apontam ainda que a Comiss\u00e3o de Vendas, composta por todos os conselheiros do Conselho Administrativo e do Conselho Fiscal, n\u00e3o vem sendo convocada j\u00e1 h\u00e1 algum tempo e n\u00e3o apreciou a mat\u00e9ria referente a essas propostas de compra.<\/p>\n<p>\u201cO acompanhamento por parte da Comiss\u00e3o de Vendas \u00e9 importante tamb\u00e9m, mas n\u00e3o apenas, em virtude dos valores propostos para venda, que se afiguram bastante reduzidos em compara\u00e7\u00e3o com avalia\u00e7\u00f5es anteriormente realizadas desses mesmos im\u00f3veis. N\u00f3s temos que ter cuidado e cautela para se evitar que este Conselho de Administra\u00e7\u00e3o seja acusado de dilapida\u00e7\u00e3o de patrim\u00f4nio da Associa\u00e7\u00e3o Brasil\u201d, diz o comunicado.<\/p>\n<p>Dos 16 membros da dire\u00e7\u00e3o atual da Associa\u00e7\u00e3o Brasil, seis s\u00e3o ligados ao movimento sindical: Sergio Nunes e Liliane Fiuza (SP), Geraldo Rodrigues (MG), Rubens Branquinho (RJ) e Jorge Ferreira e Valdir Lau (PR).<\/p>\n<p>Al\u00e9m de estar na \u00e1rea restrita do site, o material foi enviado por comunicado \u00e0s federa\u00e7\u00f5es e aos sindicatos.<\/p>\n<p><strong>Fonte: Contraf-CUT<\/strong><\/p>\n","protected":false},"excerpt":{"rendered":"<p>A Confedera\u00e7\u00e3o Nacional dos Trabalhadores do Ramo Financeiro (Contraf-CUT) disponibiliza em seu site um manifesto dos diretores da Associa\u00e7\u00e3o Brasil (AB) ligados ao movimento sindical contra o fim da entidade. Para eles, o fim da AB \u00e9 o objetivo da nova gest\u00e3o \u201cao vender o seu patrim\u00f4nio a pre\u00e7o de banana\u201d. Os diretores ligados ao [&hellip;]<\/p>\n","protected":false},"author":2,"featured_media":9295,"comment_status":"","ping_status":"","sticky":false,"template":"","format":"standard","meta":{"footnotes":""},"categories":[3],"tags":[],"class_list":["post-9296","post","type-post","status-publish","format-standard","has-post-thumbnail","hentry","category-noticias"],"_links":{"self":[{"href":"https:\/\/hostnetart.com.br\/baixada\/wp-json\/wp\/v2\/posts\/9296","targetHints":{"allow":["GET"]}}],"collection":[{"href":"https:\/\/hostnetart.com.br\/baixada\/wp-json\/wp\/v2\/posts"}],"about":[{"href":"https:\/\/hostnetart.com.br\/baixada\/wp-json\/wp\/v2\/types\/post"}],"author":[{"embeddable":true,"href":"https:\/\/hostnetart.com.br\/baixada\/wp-json\/wp\/v2\/users\/2"}],"replies":[{"embeddable":true,"href":"https:\/\/hostnetart.com.br\/baixada\/wp-json\/wp\/v2\/comments?post=9296"}],"version-history":[{"count":0,"href":"https:\/\/hostnetart.com.br\/baixada\/wp-json\/wp\/v2\/posts\/9296\/revisions"}],"wp:featuredmedia":[{"embeddable":true,"href":"https:\/\/hostnetart.com.br\/baixada\/wp-json\/wp\/v2\/media\/9295"}],"wp:attachment":[{"href":"https:\/\/hostnetart.com.br\/baixada\/wp-json\/wp\/v2\/media?parent=9296"}],"wp:term":[{"taxonomy":"category","embeddable":true,"href":"https:\/\/hostnetart.com.br\/baixada\/wp-json\/wp\/v2\/categories?post=9296"},{"taxonomy":"post_tag","embeddable":true,"href":"https:\/\/hostnetart.com.br\/baixada\/wp-json\/wp\/v2\/tags?post=9296"}],"curies":[{"name":"wp","href":"https:\/\/api.w.org\/{rel}","templated":true}]}}