{"id":9290,"date":"2020-07-23T16:54:47","date_gmt":"2020-07-23T19:54:47","guid":{"rendered":"https:\/\/hostnetart.com.br\/baixada\/brancos-ganham-41-9-a-mais-do-que-negros-no-rio-de-janeiro\/"},"modified":"2020-07-23T16:54:47","modified_gmt":"2020-07-23T19:54:47","slug":"brancos-ganham-41-9-a-mais-do-que-negros-no-rio-de-janeiro","status":"publish","type":"post","link":"https:\/\/hostnetart.com.br\/baixada\/brancos-ganham-41-9-a-mais-do-que-negros-no-rio-de-janeiro\/","title":{"rendered":"Brancos ganham 41,9% a mais do que negros no Rio de Janeiro"},"content":{"rendered":"<p>A pandemia do novo coronav\u00edrus n\u00e3o s\u00f3 mudou a realidade de milh\u00f5es de pessoas, mas exp\u00f4s as profundas desigualdades de renda, ra\u00e7a e g\u00eanero que marcam a vida nas cidades. Na regi\u00e3o metropolitana do Rio de Janeiro as diferen\u00e7as est\u00e3o bem demarcadas em sua estrutura.\u00a0<\/p>\n<p><a href=\"https:\/\/casafluminense.org.br\/mapa-da-desigualdade\/?gclid=CjwKCAjwx9_4BRAHEiwApAt0zqALPFXF7_Eu0sD7Tjk3wSfSqeItnwfCd8OWVhzB6hXT1ilMkoC0bBoCHjQQAvD_BwE\">Segundo dados do Mapa da Desigualdade, desenvolvido pela Casa Fluminense,<\/a>\u00a0para postos formais de emprego, na cidade do Rio, trabalhadores brancos recebem 41,9% a mais do que negros. J\u00e1 o sal\u00e1rio das mulheres negras equivale \u00e0 metade do sal\u00e1rio de homens brancos na m\u00e9dia da regi\u00e3o metropolitana.<\/p>\n<p>Ainda de acordo com o relat\u00f3rio, a capital concentra as\u00a0<a href=\"https:\/\/www.redebrasilatual.com.br\/trabalho\/2020\/07\/campanhas-salariais-pandemia-renda-emprego-direitos-caos\/\" target=\"_blank\" rel=\"noopener noreferrer\">vagas de emprego\u00a0<\/a>com sal\u00e1rios mais altos. Isso estimula que trabalhadores saiam de seus munic\u00edpios de resid\u00eancia em busca destas vagas. S\u00e3o 33,9 vagas para cada 100 habitantes na capital, enquanto em Japeri e Belford Roxo s\u00e3o 6,4 para cada 100 habitantes.<\/p>\n<p>Isso faz com que as rendas m\u00e9dias mais altas se concentrem em bols\u00f5es pr\u00f3ximos da capital. Em Niter\u00f3i a renda m\u00e9dia \u00e9 de R$ 3.114, o correspondente a 4,5 vezes mais do que a renda m\u00e9dia dos moradores de Japeri, que somam R$ 694.\u00a0<\/p>\n<p>Neste sentido, a desigualdade tamb\u00e9m est\u00e1 expressa na\u00a0<a href=\"https:\/\/www.redebrasilatual.com.br\/cidades\/2016\/12\/livro-discute-mobilidade-urbana-para-alem-da-visao-carrocentrica-8229\/\" target=\"_blank\" rel=\"noopener noreferrer\">mobilidade urbana<\/a>. A tarifa do transporte p\u00fablico tem peso consider\u00e1vel no or\u00e7amento familiar mensal. Para quem mora nas periferias mais de um ter\u00e7o da renda \u00e9 comprometida com as passagens de \u00f4nibus. Por outro lado, em \u00e1reas privilegiadas, h\u00e1 pessoas que n\u00e3o tem nenhum gasto com transporte p\u00fablico. \u00c9 o que aponta o levantamento realizado diretamente com as prefeituras e empresas de \u00f4nibus na regi\u00e3o metropolitana, que comp\u00f5e o Mapa da Desigualdade.<\/p>\n<p><strong>Fonte: Rede Brasil Atual<\/strong><\/p>\n","protected":false},"excerpt":{"rendered":"<p>A pandemia do novo coronav\u00edrus n\u00e3o s\u00f3 mudou a realidade de milh\u00f5es de pessoas, mas exp\u00f4s as profundas desigualdades de renda, ra\u00e7a e g\u00eanero que marcam a vida nas cidades. Na regi\u00e3o metropolitana do Rio de Janeiro as diferen\u00e7as est\u00e3o bem demarcadas em sua estrutura.\u00a0 Segundo dados do Mapa da Desigualdade, desenvolvido pela Casa Fluminense,\u00a0para [&hellip;]<\/p>\n","protected":false},"author":2,"featured_media":9289,"comment_status":"","ping_status":"","sticky":false,"template":"","format":"standard","meta":{"footnotes":""},"categories":[3],"tags":[],"class_list":["post-9290","post","type-post","status-publish","format-standard","has-post-thumbnail","hentry","category-noticias"],"_links":{"self":[{"href":"https:\/\/hostnetart.com.br\/baixada\/wp-json\/wp\/v2\/posts\/9290","targetHints":{"allow":["GET"]}}],"collection":[{"href":"https:\/\/hostnetart.com.br\/baixada\/wp-json\/wp\/v2\/posts"}],"about":[{"href":"https:\/\/hostnetart.com.br\/baixada\/wp-json\/wp\/v2\/types\/post"}],"author":[{"embeddable":true,"href":"https:\/\/hostnetart.com.br\/baixada\/wp-json\/wp\/v2\/users\/2"}],"replies":[{"embeddable":true,"href":"https:\/\/hostnetart.com.br\/baixada\/wp-json\/wp\/v2\/comments?post=9290"}],"version-history":[{"count":0,"href":"https:\/\/hostnetart.com.br\/baixada\/wp-json\/wp\/v2\/posts\/9290\/revisions"}],"wp:featuredmedia":[{"embeddable":true,"href":"https:\/\/hostnetart.com.br\/baixada\/wp-json\/wp\/v2\/media\/9289"}],"wp:attachment":[{"href":"https:\/\/hostnetart.com.br\/baixada\/wp-json\/wp\/v2\/media?parent=9290"}],"wp:term":[{"taxonomy":"category","embeddable":true,"href":"https:\/\/hostnetart.com.br\/baixada\/wp-json\/wp\/v2\/categories?post=9290"},{"taxonomy":"post_tag","embeddable":true,"href":"https:\/\/hostnetart.com.br\/baixada\/wp-json\/wp\/v2\/tags?post=9290"}],"curies":[{"name":"wp","href":"https:\/\/api.w.org\/{rel}","templated":true}]}}