{"id":9288,"date":"2020-07-23T13:39:15","date_gmt":"2020-07-23T16:39:15","guid":{"rendered":"https:\/\/hostnetart.com.br\/baixada\/bancarios-podem-participar-da-entrega-da-minuta-de-reivindicacoes-nesta-quinta-23\/"},"modified":"2020-07-23T13:39:15","modified_gmt":"2020-07-23T16:39:15","slug":"bancarios-podem-participar-da-entrega-da-minuta-de-reivindicacoes-nesta-quinta-23","status":"publish","type":"post","link":"https:\/\/hostnetart.com.br\/baixada\/bancarios-podem-participar-da-entrega-da-minuta-de-reivindicacoes-nesta-quinta-23\/","title":{"rendered":"Banc\u00e1rios podem participar da entrega da minuta de reivindica\u00e7\u00f5es nesta quinta (23)"},"content":{"rendered":"<p>Os banc\u00e1rios de todo o Brasil podem participar da entrega da minuta de reivindica\u00e7\u00f5es da categoria \u00e0 Federa\u00e7\u00e3o Nacional dos Bancos (Fenaban), nesta quinta-feira (23), \u00e0s 14h30, sem risco de contamina\u00e7\u00e3o pela Covid-19, doen\u00e7a provocada pelo novo coronav\u00edrus.<\/p>\n<p>Isso pode ser feito de forma virtual e em tempo real, por meio do\u00a0<a href=\"https:\/\/manif.app\/?lat=-23.570285784664332&amp;long=-46.68987482786179&amp;zoom=19&amp;lang=pt\">Manif.app<\/a>, ferramenta criada na Fran\u00e7a por sindicalistas, utilizada em manifesta\u00e7\u00f5es durante a pandemia de coronav\u00edrus. Os militantes e as militantes marcam presen\u00e7a digitalmente no protesto.<\/p>\n<p>Ao entrar no aplicativo\u00a0<a href=\"https:\/\/manif.app\/?lat=-23.570285784664332&amp;long=-46.68987482786179&amp;zoom=19&amp;lang=pt\">clicando aqui<\/a>, voc\u00ea cai direto na sede da Fenaban. Depois disso, voc\u00ea preenche o campo slogan e coloca o mote da Campanha Nacional 2020 \u201cNa luta com voc\u00ea!\u201d, que vai aparecer na sua placa de manifestante.<\/p>\n<h3>Confira o passo a passo e marque presen\u00e7a virtual no ato:<\/h3>\n<p>O primeiro passo \u00e9 entrar no Manif.APP, para isso\u00a0<a href=\"https:\/\/manif.app\/?lat=-23.57028455544786&amp;long=-46.68987482786179&amp;zoom=19&amp;lang=pt\">clique aqui<\/a>\u00a0para acessar o link, ele te direcionar\u00e1 diretamente para a sede da Fenaban.<\/p>\n<p>Agora \u00e9 preencher o campo Slogan, nele voc\u00ea coloca o slogan da Campanha Nacional 2020 \u201cNa Luta Com voc\u00ea!\u201d. Clique no bot\u00e3o Manifeste-se e sua presen\u00e7a virtual j\u00e1 est\u00e1 garantida no ato.<\/p>\n<p>Para concluir divulgue o link do Manif.APP em suas redes sociais para convidar companheiros e companheiros para se juntar a n\u00f3s nessa manifesta\u00e7\u00e3o virtual<\/p>\n<p>O aplicativo usa o servi\u00e7o colaborativo Open Street Map (equivalente ao Google Maps) \u00c9 responsivo, portanto, f\u00e1cil de ser acionado. Permite a qualquer pessoa organizar um evento online, convidando outras pessoas a irem ao mesmo lugar por meio de contatos ou redes sociais.<\/p>\n<h3>Dados seguros<\/h3>\n<p>Segundo a plataforma do aplicativo, as informa\u00e7\u00f5es dos usu\u00e1rios (contato e informa\u00e7\u00f5es pessoais) n\u00e3o s\u00e3o compartilhadas, transmitidas, armazenadas ou fornecidas. Nenhuma informa\u00e7\u00e3o privada (n\u00famero de telefone, n\u00famero IMEI, seu nome ou outro) \u00e9 transmitida pela Internet. Segundo informou a SBPC quando realizou sua marcha virtual, o participante fica completamente an\u00f4nimo.<\/p>\n<p><strong>Fonte: Contraf-CUT<\/strong><\/p>\n","protected":false},"excerpt":{"rendered":"<p>Os banc\u00e1rios de todo o Brasil podem participar da entrega da minuta de reivindica\u00e7\u00f5es da categoria \u00e0 Federa\u00e7\u00e3o Nacional dos Bancos (Fenaban), nesta quinta-feira (23), \u00e0s 14h30, sem risco de contamina\u00e7\u00e3o pela Covid-19, doen\u00e7a provocada pelo novo coronav\u00edrus. Isso pode ser feito de forma virtual e em tempo real, por meio do\u00a0Manif.app, ferramenta criada na [&hellip;]<\/p>\n","protected":false},"author":2,"featured_media":9287,"comment_status":"","ping_status":"","sticky":false,"template":"","format":"standard","meta":{"footnotes":""},"categories":[3],"tags":[],"class_list":["post-9288","post","type-post","status-publish","format-standard","has-post-thumbnail","hentry","category-noticias"],"_links":{"self":[{"href":"https:\/\/hostnetart.com.br\/baixada\/wp-json\/wp\/v2\/posts\/9288","targetHints":{"allow":["GET"]}}],"collection":[{"href":"https:\/\/hostnetart.com.br\/baixada\/wp-json\/wp\/v2\/posts"}],"about":[{"href":"https:\/\/hostnetart.com.br\/baixada\/wp-json\/wp\/v2\/types\/post"}],"author":[{"embeddable":true,"href":"https:\/\/hostnetart.com.br\/baixada\/wp-json\/wp\/v2\/users\/2"}],"replies":[{"embeddable":true,"href":"https:\/\/hostnetart.com.br\/baixada\/wp-json\/wp\/v2\/comments?post=9288"}],"version-history":[{"count":0,"href":"https:\/\/hostnetart.com.br\/baixada\/wp-json\/wp\/v2\/posts\/9288\/revisions"}],"wp:featuredmedia":[{"embeddable":true,"href":"https:\/\/hostnetart.com.br\/baixada\/wp-json\/wp\/v2\/media\/9287"}],"wp:attachment":[{"href":"https:\/\/hostnetart.com.br\/baixada\/wp-json\/wp\/v2\/media?parent=9288"}],"wp:term":[{"taxonomy":"category","embeddable":true,"href":"https:\/\/hostnetart.com.br\/baixada\/wp-json\/wp\/v2\/categories?post=9288"},{"taxonomy":"post_tag","embeddable":true,"href":"https:\/\/hostnetart.com.br\/baixada\/wp-json\/wp\/v2\/tags?post=9288"}],"curies":[{"name":"wp","href":"https:\/\/api.w.org\/{rel}","templated":true}]}}