{"id":9286,"date":"2020-07-23T13:38:14","date_gmt":"2020-07-23T16:38:14","guid":{"rendered":"https:\/\/hostnetart.com.br\/baixada\/bancarios-entregam-minuta-de-reivindicacoes-nesta-quinta-feira\/"},"modified":"2020-07-23T13:38:14","modified_gmt":"2020-07-23T16:38:14","slug":"bancarios-entregam-minuta-de-reivindicacoes-nesta-quinta-feira","status":"publish","type":"post","link":"https:\/\/hostnetart.com.br\/baixada\/bancarios-entregam-minuta-de-reivindicacoes-nesta-quinta-feira\/","title":{"rendered":"Banc\u00e1rios entregam minuta de reivindica\u00e7\u00f5es nesta quinta-feira"},"content":{"rendered":"<p>Ser\u00e1 nesta quinta-feira (23) a entrega da minuta com as reivindica\u00e7\u00f5es da categoria banc\u00e1ria para os representantes dos bancos. O documento ser\u00e1 entregue pelos membros do Comando Nacional dos Banc\u00e1rios para os representantes dos bancos na Comiss\u00e3o de Negocia\u00e7\u00e3o da Federa\u00e7\u00e3o Nacional dos Bancos (Fenaban). A reuni\u00e3o ocorrer\u00e1 a partir das 14h30 e se dar\u00e1 atrav\u00e9s do sistema de videoconfer\u00eancia Zoom.<\/p>\n<p>A minuta foi aprovada na Confer\u00eancia Nacional dos Banc\u00e1rios, tamb\u00e9m realizada por videoconfer\u00eancia nos dias 17 e 18 deste m\u00eas. O documento tamb\u00e9m foi aprovado em assembleias sindicais da categoria banc\u00e1ria em todo o Brasil. Acompanhe os resultados da reuni\u00e3o em nossas redes sociais.<\/p>\n<p>Leia tamb\u00e9m:\u00a0<a href=\"https:\/\/contrafcut.com.br\/noticias\/consulta-mostra-aumento-real-manutencao-de-direitos-e-defesa-da-saude-como-prioridades-da-categoria\/\">Consulta mostra aumento real, manuten\u00e7\u00e3o de direitos e defesa da sa\u00fade como prioridades da categoria<\/a><\/p>\n<p><strong>Fonte: Contraf-CUT<\/strong><\/p>\n","protected":false},"excerpt":{"rendered":"<p>Ser\u00e1 nesta quinta-feira (23) a entrega da minuta com as reivindica\u00e7\u00f5es da categoria banc\u00e1ria para os representantes dos bancos. O documento ser\u00e1 entregue pelos membros do Comando Nacional dos Banc\u00e1rios para os representantes dos bancos na Comiss\u00e3o de Negocia\u00e7\u00e3o da Federa\u00e7\u00e3o Nacional dos Bancos (Fenaban). A reuni\u00e3o ocorrer\u00e1 a partir das 14h30 e se dar\u00e1 [&hellip;]<\/p>\n","protected":false},"author":2,"featured_media":9285,"comment_status":"","ping_status":"","sticky":false,"template":"","format":"standard","meta":{"footnotes":""},"categories":[3],"tags":[],"class_list":["post-9286","post","type-post","status-publish","format-standard","has-post-thumbnail","hentry","category-noticias"],"_links":{"self":[{"href":"https:\/\/hostnetart.com.br\/baixada\/wp-json\/wp\/v2\/posts\/9286","targetHints":{"allow":["GET"]}}],"collection":[{"href":"https:\/\/hostnetart.com.br\/baixada\/wp-json\/wp\/v2\/posts"}],"about":[{"href":"https:\/\/hostnetart.com.br\/baixada\/wp-json\/wp\/v2\/types\/post"}],"author":[{"embeddable":true,"href":"https:\/\/hostnetart.com.br\/baixada\/wp-json\/wp\/v2\/users\/2"}],"replies":[{"embeddable":true,"href":"https:\/\/hostnetart.com.br\/baixada\/wp-json\/wp\/v2\/comments?post=9286"}],"version-history":[{"count":0,"href":"https:\/\/hostnetart.com.br\/baixada\/wp-json\/wp\/v2\/posts\/9286\/revisions"}],"wp:featuredmedia":[{"embeddable":true,"href":"https:\/\/hostnetart.com.br\/baixada\/wp-json\/wp\/v2\/media\/9285"}],"wp:attachment":[{"href":"https:\/\/hostnetart.com.br\/baixada\/wp-json\/wp\/v2\/media?parent=9286"}],"wp:term":[{"taxonomy":"category","embeddable":true,"href":"https:\/\/hostnetart.com.br\/baixada\/wp-json\/wp\/v2\/categories?post=9286"},{"taxonomy":"post_tag","embeddable":true,"href":"https:\/\/hostnetart.com.br\/baixada\/wp-json\/wp\/v2\/tags?post=9286"}],"curies":[{"name":"wp","href":"https:\/\/api.w.org\/{rel}","templated":true}]}}